{"id":383,"date":"2025-12-08T19:00:00","date_gmt":"2025-12-08T19:00:00","guid":{"rendered":"https:\/\/pans.krosno.pl\/5glab\/?p=383"},"modified":"2026-01-30T09:19:06","modified_gmt":"2026-01-30T09:19:06","slug":"pans-krosno-i-ekolot-aerospace-defence-zaciesniaja-wspolprace-podpisano-ramowa-umowe-o-partnerstwie","status":"publish","type":"post","link":"https:\/\/pans.krosno.pl\/5glab\/2025\/12\/08\/pans-krosno-i-ekolot-aerospace-defence-zaciesniaja-wspolprace-podpisano-ramowa-umowe-o-partnerstwie\/","title":{"rendered":"PANS Krosno i Ekolot Aerospace &amp; Defence zacie\u015bniaj\u0105 wsp\u00f3\u0142prac\u0119. Podpisano ramow\u0105 umow\u0119 o partnerstwie"},"content":{"rendered":"\n<p>Pa\u0144stwowa Akademia Nauk Stosowanych w Kro\u015bnie oraz firma\u00a0<strong>Ekolot Aerospace &amp; Defence<\/strong>\u00a0podpisa\u0142y ramow\u0105 umow\u0119 o wsp\u00f3\u0142pracy, obejmuj\u0105c\u0105 wsp\u00f3lne dzia\u0142ania w obszarze nowoczesnych technologii lotniczych, dronowych oraz system\u00f3w \u0142\u0105czno\u015bci i sztucznej inteligencji.<\/p>\n\n\n\n<figure class=\"wp-block-image size-large\"><img loading=\"lazy\" decoding=\"async\" width=\"1024\" height=\"683\" src=\"https:\/\/pans.krosno.pl\/5glab\/wp-content\/uploads\/sites\/66\/2026\/01\/image-1-1024x683.png\" alt=\"\" class=\"wp-image-384\" srcset=\"https:\/\/pans.krosno.pl\/5glab\/wp-content\/uploads\/sites\/66\/2026\/01\/image-1-1024x683.png 1024w, https:\/\/pans.krosno.pl\/5glab\/wp-content\/uploads\/sites\/66\/2026\/01\/image-1-300x200.png 300w, https:\/\/pans.krosno.pl\/5glab\/wp-content\/uploads\/sites\/66\/2026\/01\/image-1-768x512.png 768w, https:\/\/pans.krosno.pl\/5glab\/wp-content\/uploads\/sites\/66\/2026\/01\/image-1-800x533.png 800w, https:\/\/pans.krosno.pl\/5glab\/wp-content\/uploads\/sites\/66\/2026\/01\/image-1-580x387.png 580w, https:\/\/pans.krosno.pl\/5glab\/wp-content\/uploads\/sites\/66\/2026\/01\/image-1.png 1536w\" sizes=\"auto, (max-width: 1024px) 100vw, 1024px\" \/><\/figure>\n\n\n\n<p>Wsp\u00f3\u0142praca mi\u0119dzy obiema instytucjami rozpocz\u0119\u0142a si\u0119 jeszcze zanim podpisano dokument. Ju\u017c wcze\u015bniej PANS aktywnie wspiera\u0142a Ekolot w poszukiwaniu wykwalifikowanych pracownik\u00f3w w\u015br\u00f3d obecnych oraz by\u0142ych student\u00f3w kierunk\u00f3w technicznych i informatycznych. Kilku z nich przyst\u0105pi\u0142o do rozm\u00f3w dotycz\u0105cych pracy w rozwijaj\u0105cym si\u0119 zespole produkcyjnym oraz badawczo-rozwojowym firmy.<\/p>\n\n\n\n<figure class=\"wp-block-image size-large\"><img loading=\"lazy\" decoding=\"async\" width=\"1024\" height=\"683\" src=\"https:\/\/pans.krosno.pl\/5glab\/wp-content\/uploads\/sites\/66\/2026\/01\/image-2-1024x683.png\" alt=\"\" class=\"wp-image-385\" srcset=\"https:\/\/pans.krosno.pl\/5glab\/wp-content\/uploads\/sites\/66\/2026\/01\/image-2-1024x683.png 1024w, https:\/\/pans.krosno.pl\/5glab\/wp-content\/uploads\/sites\/66\/2026\/01\/image-2-300x200.png 300w, https:\/\/pans.krosno.pl\/5glab\/wp-content\/uploads\/sites\/66\/2026\/01\/image-2-768x512.png 768w, https:\/\/pans.krosno.pl\/5glab\/wp-content\/uploads\/sites\/66\/2026\/01\/image-2-800x533.png 800w, https:\/\/pans.krosno.pl\/5glab\/wp-content\/uploads\/sites\/66\/2026\/01\/image-2-580x387.png 580w, https:\/\/pans.krosno.pl\/5glab\/wp-content\/uploads\/sites\/66\/2026\/01\/image-2.png 1536w\" sizes=\"auto, (max-width: 1024px) 100vw, 1024px\" \/><\/figure>\n\n\n\n<p>Podpisana umowa otwiera drog\u0119 do realizacji bardziej zaawansowanych przedsi\u0119wzi\u0119\u0107. W najbli\u017cszych miesi\u0105cach planowane s\u0105:<\/p>\n\n\n\n<ul class=\"wp-block-list\">\n<li><strong>integracja prywatnej sieci 5G PANS z bezza\u0142ogowymi systemami Ekolot, w tym dronem ZEUS VTOL<\/strong>,<\/li>\n\n\n\n<li>wsp\u00f3lne projekty w zakresie\u00a0<strong>rozwoju system\u00f3w sztucznej inteligencji<\/strong>,<\/li>\n\n\n\n<li>w\u0142\u0105czenie student\u00f3w i kadry w wybrane etapy prac badawczo-rozwojowych.<\/li>\n<\/ul>\n\n\n\n<p>Luis Zapata, prezes Ekolot Aerospace &amp; Defence podkre\u015bli\u0142, \u017ce dla rozwoju nowoczesnych technologii dronowych w Kro\u015bnie kluczowe s\u0105 dwa filary: aktywne \u015brodowisko akademickie oraz wsparcie miasta. To w\u0142a\u015bnie wsp\u00f3\u0142dzia\u0142anie tych element\u00f3w tworzy warunki do budowania innowacji i nowych kompetencji technologicznych.<\/p>\n\n\n\n<p>W\u0142adze uczelni widz\u0105 w tej wsp\u00f3\u0142pracy nie tylko szans\u0119 na rozw\u00f3j kompetencji student\u00f3w i kadry, lecz r\u00f3wnie\u017c mo\u017cliwo\u015b\u0107 wsp\u00f3lnego si\u0119gania po zewn\u0119trzne \u015brodki na projekty badawczo-rozwojowe.<\/p>\n\n\n\n<p>Dr Agnieszka Wo\u017aniak, prorektor ds. rozwoju PANS w Kro\u015bnie, podkre\u015bli\u0142a, \u017ce wsp\u00f3\u0142praca ze sp\u00f3\u0142k\u0105 Ekolot trwa ju\u017c od kilku miesi\u0119cy.<br><br><em>\u2013 My\u015blimy mi\u0119dzy innymi o wsp\u00f3lnym projekcie, na kt\u00f3ry by\u0142aby mo\u017cliwo\u015b\u0107 pozyskania dofinansowania \u2013<\/em>&nbsp;powiedzia\u0142a dr Agnieszka Wo\u017aniak.<\/p>\n\n\n\n<p>Formalizacja partnerstwa pomi\u0119dzy PANS Krosno a Ekolot A&amp;D stanowi kolejny krok w kierunku budowy silnego regionalnego ekosystemu technologii lotniczych i dronowych, otwieraj\u0105c studentom szans\u0119 na udzia\u0142 w realnych projektach przemys\u0142owych i badawczych.<\/p>\n\n\n\n<figure class=\"wp-block-image size-large\"><img loading=\"lazy\" decoding=\"async\" width=\"1024\" height=\"683\" src=\"https:\/\/pans.krosno.pl\/5glab\/wp-content\/uploads\/sites\/66\/2026\/01\/image-3-1024x683.png\" alt=\"\" class=\"wp-image-386\" srcset=\"https:\/\/pans.krosno.pl\/5glab\/wp-content\/uploads\/sites\/66\/2026\/01\/image-3-1024x683.png 1024w, https:\/\/pans.krosno.pl\/5glab\/wp-content\/uploads\/sites\/66\/2026\/01\/image-3-300x200.png 300w, https:\/\/pans.krosno.pl\/5glab\/wp-content\/uploads\/sites\/66\/2026\/01\/image-3-768x512.png 768w, https:\/\/pans.krosno.pl\/5glab\/wp-content\/uploads\/sites\/66\/2026\/01\/image-3-800x533.png 800w, https:\/\/pans.krosno.pl\/5glab\/wp-content\/uploads\/sites\/66\/2026\/01\/image-3-580x387.png 580w, https:\/\/pans.krosno.pl\/5glab\/wp-content\/uploads\/sites\/66\/2026\/01\/image-3.png 1536w\" sizes=\"auto, (max-width: 1024px) 100vw, 1024px\" \/><\/figure>\n","protected":false},"excerpt":{"rendered":"<p>Pa\u0144stwowa Akademia Nauk Stosowanych w Kro\u015bnie oraz firma\u00a0Ekolot Aerospace &amp; Defence\u00a0podpisa\u0142y ramow\u0105 umow\u0119 o wsp\u00f3\u0142pracy, obejmuj\u0105c\u0105 wsp\u00f3lne dzia\u0142ania w obszarze nowoczesnych technologii lotniczych, dronowych oraz system\u00f3w \u0142\u0105czno\u015bci i sztucznej inteligencji. Wsp\u00f3\u0142praca mi\u0119dzy obiema instytucjami rozpocz\u0119\u0142a si\u0119 jeszcze zanim podpisano dokument. Ju\u017c wcze\u015bniej PANS aktywnie wspiera\u0142a Ekolot w poszukiwaniu wykwalifikowanych pracownik\u00f3w [\u2026] <\/p>\n<div class=\"clear\"><\/div>\n<p><a class=\"more_link clearfix\" href=\"https:\/\/pans.krosno.pl\/5glab\/2025\/12\/08\/pans-krosno-i-ekolot-aerospace-defence-zaciesniaja-wspolprace-podpisano-ramowa-umowe-o-partnerstwie\/\" rel=\"nofollow\">Read More<\/a><\/p>\n","protected":false},"author":100,"featured_media":384,"comment_status":"open","ping_status":"open","sticky":false,"template":"","format":"standard","meta":{"ngg_post_thumbnail":0,"footnotes":""},"categories":[4],"tags":[],"class_list":["post-383","post","type-post","status-publish","format-standard","has-post-thumbnail","hentry","category-5g"],"yoast_head":"<!-- This site is optimized with the Yoast SEO Premium plugin v27.4 (Yoast SEO v27.4) - https:\/\/yoast.com\/product\/yoast-seo-premium-wordpress\/ -->\n<title>PANS Krosno i Ekolot Aerospace &amp; Defence zacie\u015bniaj\u0105 wsp\u00f3\u0142prac\u0119. Podpisano ramow\u0105 umow\u0119 o partnerstwie - 5glab<\/title>\n<meta name=\"robots\" content=\"index, follow, max-snippet:-1, max-image-preview:large, max-video-preview:-1\" \/>\n<link rel=\"canonical\" href=\"https:\/\/pans.krosno.pl\/5glab\/2025\/12\/08\/pans-krosno-i-ekolot-aerospace-defence-zaciesniaja-wspolprace-podpisano-ramowa-umowe-o-partnerstwie\/\" \/>\n<meta property=\"og:locale\" content=\"pl_PL\" \/>\n<meta property=\"og:type\" content=\"article\" \/>\n<meta property=\"og:title\" content=\"PANS Krosno i Ekolot Aerospace &amp; Defence zacie\u015bniaj\u0105 wsp\u00f3\u0142prac\u0119. Podpisano ramow\u0105 umow\u0119 o partnerstwie\" \/>\n<meta property=\"og:description\" content=\"Pa\u0144stwowa Akademia Nauk Stosowanych w Kro\u015bnie oraz firma\u00a0Ekolot Aerospace &amp; Defence\u00a0podpisa\u0142y ramow\u0105 umow\u0119 o wsp\u00f3\u0142pracy, obejmuj\u0105c\u0105 wsp\u00f3lne dzia\u0142ania w obszarze nowoczesnych technologii lotniczych, dronowych oraz system\u00f3w \u0142\u0105czno\u015bci i sztucznej inteligencji. Wsp\u00f3\u0142praca mi\u0119dzy obiema instytucjami rozpocz\u0119\u0142a si\u0119 jeszcze zanim podpisano dokument. Ju\u017c wcze\u015bniej PANS aktywnie wspiera\u0142a Ekolot w poszukiwaniu wykwalifikowanych pracownik\u00f3w [\u2026] Read More\" \/>\n<meta property=\"og:url\" content=\"https:\/\/pans.krosno.pl\/5glab\/2025\/12\/08\/pans-krosno-i-ekolot-aerospace-defence-zaciesniaja-wspolprace-podpisano-ramowa-umowe-o-partnerstwie\/\" \/>\n<meta property=\"og:site_name\" content=\"5glab\" \/>\n<meta property=\"article:publisher\" content=\"https:\/\/www.facebook.com\/StudiaKrosno\/\" \/>\n<meta property=\"article:published_time\" content=\"2025-12-08T19:00:00+00:00\" \/>\n<meta property=\"article:modified_time\" content=\"2026-01-30T09:19:06+00:00\" \/>\n<meta property=\"og:image\" content=\"https:\/\/pans.krosno.pl\/5glab\/wp-content\/uploads\/sites\/66\/2026\/01\/image-1.png\" \/>\n\t<meta property=\"og:image:width\" content=\"1536\" \/>\n\t<meta property=\"og:image:height\" content=\"1024\" \/>\n\t<meta property=\"og:image:type\" content=\"image\/png\" \/>\n<meta name=\"author\" content=\"damianprzybyla\" \/>\n<meta name=\"twitter:card\" content=\"summary_large_image\" \/>\n<meta name=\"twitter:label1\" content=\"Napisane przez\" \/>\n\t<meta name=\"twitter:data1\" content=\"damianprzybyla\" \/>\n\t<meta name=\"twitter:label2\" content=\"Szacowany czas czytania\" \/>\n\t<meta name=\"twitter:data2\" content=\"3 minuty\" \/>\n<script type=\"application\/ld+json\" class=\"yoast-schema-graph\">{\"@context\":\"https:\\\/\\\/schema.org\",\"@graph\":[{\"@type\":\"Article\",\"@id\":\"https:\\\/\\\/pans.krosno.pl\\\/5glab\\\/2025\\\/12\\\/08\\\/pans-krosno-i-ekolot-aerospace-defence-zaciesniaja-wspolprace-podpisano-ramowa-umowe-o-partnerstwie\\\/#article\",\"isPartOf\":{\"@id\":\"https:\\\/\\\/pans.krosno.pl\\\/5glab\\\/2025\\\/12\\\/08\\\/pans-krosno-i-ekolot-aerospace-defence-zaciesniaja-wspolprace-podpisano-ramowa-umowe-o-partnerstwie\\\/\"},\"author\":{\"name\":\"damianprzybyla\",\"@id\":\"https:\\\/\\\/pans.krosno.pl\\\/5glab\\\/#\\\/schema\\\/person\\\/6fdc2f086448977aedd1a17fb2d90220\"},\"headline\":\"PANS Krosno i Ekolot Aerospace &amp; Defence zacie\u015bniaj\u0105 wsp\u00f3\u0142prac\u0119. Podpisano ramow\u0105 umow\u0119 o partnerstwie\",\"datePublished\":\"2025-12-08T19:00:00+00:00\",\"dateModified\":\"2026-01-30T09:19:06+00:00\",\"mainEntityOfPage\":{\"@id\":\"https:\\\/\\\/pans.krosno.pl\\\/5glab\\\/2025\\\/12\\\/08\\\/pans-krosno-i-ekolot-aerospace-defence-zaciesniaja-wspolprace-podpisano-ramowa-umowe-o-partnerstwie\\\/\"},\"wordCount\":342,\"commentCount\":0,\"publisher\":{\"@id\":\"https:\\\/\\\/pans.krosno.pl\\\/5glab\\\/#organization\"},\"image\":{\"@id\":\"https:\\\/\\\/pans.krosno.pl\\\/5glab\\\/2025\\\/12\\\/08\\\/pans-krosno-i-ekolot-aerospace-defence-zaciesniaja-wspolprace-podpisano-ramowa-umowe-o-partnerstwie\\\/#primaryimage\"},\"thumbnailUrl\":\"https:\\\/\\\/pans.krosno.pl\\\/5glab\\\/wp-content\\\/uploads\\\/sites\\\/66\\\/2026\\\/01\\\/image-1.png\",\"articleSection\":[\"Wydarzenia 5G Lab\"],\"inLanguage\":\"pl-PL\",\"potentialAction\":[{\"@type\":\"CommentAction\",\"name\":\"Comment\",\"target\":[\"https:\\\/\\\/pans.krosno.pl\\\/5glab\\\/2025\\\/12\\\/08\\\/pans-krosno-i-ekolot-aerospace-defence-zaciesniaja-wspolprace-podpisano-ramowa-umowe-o-partnerstwie\\\/#respond\"]}]},{\"@type\":\"WebPage\",\"@id\":\"https:\\\/\\\/pans.krosno.pl\\\/5glab\\\/2025\\\/12\\\/08\\\/pans-krosno-i-ekolot-aerospace-defence-zaciesniaja-wspolprace-podpisano-ramowa-umowe-o-partnerstwie\\\/\",\"url\":\"https:\\\/\\\/pans.krosno.pl\\\/5glab\\\/2025\\\/12\\\/08\\\/pans-krosno-i-ekolot-aerospace-defence-zaciesniaja-wspolprace-podpisano-ramowa-umowe-o-partnerstwie\\\/\",\"name\":\"PANS Krosno i Ekolot Aerospace &amp; Defence zacie\u015bniaj\u0105 wsp\u00f3\u0142prac\u0119. Podpisano ramow\u0105 umow\u0119 o partnerstwie - 5glab\",\"isPartOf\":{\"@id\":\"https:\\\/\\\/pans.krosno.pl\\\/5glab\\\/#website\"},\"primaryImageOfPage\":{\"@id\":\"https:\\\/\\\/pans.krosno.pl\\\/5glab\\\/2025\\\/12\\\/08\\\/pans-krosno-i-ekolot-aerospace-defence-zaciesniaja-wspolprace-podpisano-ramowa-umowe-o-partnerstwie\\\/#primaryimage\"},\"image\":{\"@id\":\"https:\\\/\\\/pans.krosno.pl\\\/5glab\\\/2025\\\/12\\\/08\\\/pans-krosno-i-ekolot-aerospace-defence-zaciesniaja-wspolprace-podpisano-ramowa-umowe-o-partnerstwie\\\/#primaryimage\"},\"thumbnailUrl\":\"https:\\\/\\\/pans.krosno.pl\\\/5glab\\\/wp-content\\\/uploads\\\/sites\\\/66\\\/2026\\\/01\\\/image-1.png\",\"datePublished\":\"2025-12-08T19:00:00+00:00\",\"dateModified\":\"2026-01-30T09:19:06+00:00\",\"breadcrumb\":{\"@id\":\"https:\\\/\\\/pans.krosno.pl\\\/5glab\\\/2025\\\/12\\\/08\\\/pans-krosno-i-ekolot-aerospace-defence-zaciesniaja-wspolprace-podpisano-ramowa-umowe-o-partnerstwie\\\/#breadcrumb\"},\"inLanguage\":\"pl-PL\",\"potentialAction\":[{\"@type\":\"ReadAction\",\"target\":[\"https:\\\/\\\/pans.krosno.pl\\\/5glab\\\/2025\\\/12\\\/08\\\/pans-krosno-i-ekolot-aerospace-defence-zaciesniaja-wspolprace-podpisano-ramowa-umowe-o-partnerstwie\\\/\"]}]},{\"@type\":\"ImageObject\",\"inLanguage\":\"pl-PL\",\"@id\":\"https:\\\/\\\/pans.krosno.pl\\\/5glab\\\/2025\\\/12\\\/08\\\/pans-krosno-i-ekolot-aerospace-defence-zaciesniaja-wspolprace-podpisano-ramowa-umowe-o-partnerstwie\\\/#primaryimage\",\"url\":\"https:\\\/\\\/pans.krosno.pl\\\/5glab\\\/wp-content\\\/uploads\\\/sites\\\/66\\\/2026\\\/01\\\/image-1.png\",\"contentUrl\":\"https:\\\/\\\/pans.krosno.pl\\\/5glab\\\/wp-content\\\/uploads\\\/sites\\\/66\\\/2026\\\/01\\\/image-1.png\",\"width\":1536,\"height\":1024},{\"@type\":\"BreadcrumbList\",\"@id\":\"https:\\\/\\\/pans.krosno.pl\\\/5glab\\\/2025\\\/12\\\/08\\\/pans-krosno-i-ekolot-aerospace-defence-zaciesniaja-wspolprace-podpisano-ramowa-umowe-o-partnerstwie\\\/#breadcrumb\",\"itemListElement\":[{\"@type\":\"ListItem\",\"position\":1,\"name\":\"Strona g\u0142\u00f3wna\",\"item\":\"https:\\\/\\\/pans.krosno.pl\\\/5glab\\\/\"},{\"@type\":\"ListItem\",\"position\":2,\"name\":\"Wydarzenia 5G Lab\",\"item\":\"https:\\\/\\\/pans.krosno.pl\\\/5glab\\\/category\\\/5g\\\/\"},{\"@type\":\"ListItem\",\"position\":3,\"name\":\"PANS Krosno i Ekolot Aerospace &amp; Defence zacie\u015bniaj\u0105 wsp\u00f3\u0142prac\u0119. Podpisano ramow\u0105 umow\u0119 o partnerstwie\"}]},{\"@type\":\"WebSite\",\"@id\":\"https:\\\/\\\/pans.krosno.pl\\\/5glab\\\/#website\",\"url\":\"https:\\\/\\\/pans.krosno.pl\\\/5glab\\\/\",\"name\":\"PANS w Kro\u015bnie\",\"description\":\"\",\"publisher\":{\"@id\":\"https:\\\/\\\/pans.krosno.pl\\\/5glab\\\/#organization\"},\"alternateName\":\"PANS Krosno\",\"potentialAction\":[{\"@type\":\"SearchAction\",\"target\":{\"@type\":\"EntryPoint\",\"urlTemplate\":\"https:\\\/\\\/pans.krosno.pl\\\/5glab\\\/?s={search_term_string}\"},\"query-input\":{\"@type\":\"PropertyValueSpecification\",\"valueRequired\":true,\"valueName\":\"search_term_string\"}}],\"inLanguage\":\"pl-PL\"},{\"@type\":\"Organization\",\"@id\":\"https:\\\/\\\/pans.krosno.pl\\\/5glab\\\/#organization\",\"name\":\"Pa\u0144stwowa Akademia Nauk Stosowanych w Kro\u015bnie\",\"alternateName\":\"PANS Krosno\",\"url\":\"https:\\\/\\\/pans.krosno.pl\\\/5glab\\\/\",\"logo\":{\"@type\":\"ImageObject\",\"inLanguage\":\"pl-PL\",\"@id\":\"https:\\\/\\\/pans.krosno.pl\\\/5glab\\\/#\\\/schema\\\/logo\\\/image\\\/\",\"url\":\"https:\\\/\\\/pans.krosno.pl\\\/wp-content\\\/uploads\\\/2023\\\/01\\\/Logo-PANS-2022-pelne-2-scaled.jpg\",\"contentUrl\":\"https:\\\/\\\/pans.krosno.pl\\\/wp-content\\\/uploads\\\/2023\\\/01\\\/Logo-PANS-2022-pelne-2-scaled.jpg\",\"width\":2560,\"height\":576,\"caption\":\"Pa\u0144stwowa Akademia Nauk Stosowanych w Kro\u015bnie\"},\"image\":{\"@id\":\"https:\\\/\\\/pans.krosno.pl\\\/5glab\\\/#\\\/schema\\\/logo\\\/image\\\/\"},\"sameAs\":[\"https:\\\/\\\/www.facebook.com\\\/StudiaKrosno\\\/\",\"https:\\\/\\\/www.instagram.com\\\/pans.krosno\\\/\",\"https:\\\/\\\/pl.linkedin.com\\\/company\\\/pwsz-krosno\",\"https:\\\/\\\/www.youtube.com\\\/user\\\/pwszkrosno\\\/\",\"https:\\\/\\\/pl.wikipedia.org\\\/wiki\\\/Pa\u0144stwowa_Wy\u017csza_Szko\u0142a_Zawodowa_im._Stanis\u0142awa_Pigonia_w_Kro\u015bnie\"]},{\"@type\":\"Person\",\"@id\":\"https:\\\/\\\/pans.krosno.pl\\\/5glab\\\/#\\\/schema\\\/person\\\/6fdc2f086448977aedd1a17fb2d90220\",\"name\":\"damianprzybyla\",\"image\":{\"@type\":\"ImageObject\",\"inLanguage\":\"pl-PL\",\"@id\":\"https:\\\/\\\/secure.gravatar.com\\\/avatar\\\/5b15e3b0f679a391a5b1f218e1ddfd13e97c937a0425276e3ecb78554257f26e?s=96&d=mm&r=g\",\"url\":\"https:\\\/\\\/secure.gravatar.com\\\/avatar\\\/5b15e3b0f679a391a5b1f218e1ddfd13e97c937a0425276e3ecb78554257f26e?s=96&d=mm&r=g\",\"contentUrl\":\"https:\\\/\\\/secure.gravatar.com\\\/avatar\\\/5b15e3b0f679a391a5b1f218e1ddfd13e97c937a0425276e3ecb78554257f26e?s=96&d=mm&r=g\",\"caption\":\"damianprzybyla\"},\"url\":\"https:\\\/\\\/pans.krosno.pl\\\/5glab\\\/author\\\/damianprzybyla\\\/\"}]}<\/script>\n<!-- \/ Yoast SEO Premium plugin. -->","yoast_head_json":{"title":"PANS Krosno i Ekolot Aerospace &amp; Defence zacie\u015bniaj\u0105 wsp\u00f3\u0142prac\u0119. Podpisano ramow\u0105 umow\u0119 o partnerstwie - 5glab","robots":{"index":"index","follow":"follow","max-snippet":"max-snippet:-1","max-image-preview":"max-image-preview:large","max-video-preview":"max-video-preview:-1"},"canonical":"https:\/\/pans.krosno.pl\/5glab\/2025\/12\/08\/pans-krosno-i-ekolot-aerospace-defence-zaciesniaja-wspolprace-podpisano-ramowa-umowe-o-partnerstwie\/","og_locale":"pl_PL","og_type":"article","og_title":"PANS Krosno i Ekolot Aerospace &amp; Defence zacie\u015bniaj\u0105 wsp\u00f3\u0142prac\u0119. Podpisano ramow\u0105 umow\u0119 o partnerstwie","og_description":"Pa\u0144stwowa Akademia Nauk Stosowanych w Kro\u015bnie oraz firma\u00a0Ekolot Aerospace &amp; Defence\u00a0podpisa\u0142y ramow\u0105 umow\u0119 o wsp\u00f3\u0142pracy, obejmuj\u0105c\u0105 wsp\u00f3lne dzia\u0142ania w obszarze nowoczesnych technologii lotniczych, dronowych oraz system\u00f3w \u0142\u0105czno\u015bci i sztucznej inteligencji. Wsp\u00f3\u0142praca mi\u0119dzy obiema instytucjami rozpocz\u0119\u0142a si\u0119 jeszcze zanim podpisano dokument. Ju\u017c wcze\u015bniej PANS aktywnie wspiera\u0142a Ekolot w poszukiwaniu wykwalifikowanych pracownik\u00f3w [\u2026] Read More","og_url":"https:\/\/pans.krosno.pl\/5glab\/2025\/12\/08\/pans-krosno-i-ekolot-aerospace-defence-zaciesniaja-wspolprace-podpisano-ramowa-umowe-o-partnerstwie\/","og_site_name":"5glab","article_publisher":"https:\/\/www.facebook.com\/StudiaKrosno\/","article_published_time":"2025-12-08T19:00:00+00:00","article_modified_time":"2026-01-30T09:19:06+00:00","og_image":[{"width":1536,"height":1024,"url":"https:\/\/pans.krosno.pl\/5glab\/wp-content\/uploads\/sites\/66\/2026\/01\/image-1.png","type":"image\/png"}],"author":"damianprzybyla","twitter_card":"summary_large_image","twitter_misc":{"Napisane przez":"damianprzybyla","Szacowany czas czytania":"3 minuty"},"schema":{"@context":"https:\/\/schema.org","@graph":[{"@type":"Article","@id":"https:\/\/pans.krosno.pl\/5glab\/2025\/12\/08\/pans-krosno-i-ekolot-aerospace-defence-zaciesniaja-wspolprace-podpisano-ramowa-umowe-o-partnerstwie\/#article","isPartOf":{"@id":"https:\/\/pans.krosno.pl\/5glab\/2025\/12\/08\/pans-krosno-i-ekolot-aerospace-defence-zaciesniaja-wspolprace-podpisano-ramowa-umowe-o-partnerstwie\/"},"author":{"name":"damianprzybyla","@id":"https:\/\/pans.krosno.pl\/5glab\/#\/schema\/person\/6fdc2f086448977aedd1a17fb2d90220"},"headline":"PANS Krosno i Ekolot Aerospace &amp; Defence zacie\u015bniaj\u0105 wsp\u00f3\u0142prac\u0119. Podpisano ramow\u0105 umow\u0119 o partnerstwie","datePublished":"2025-12-08T19:00:00+00:00","dateModified":"2026-01-30T09:19:06+00:00","mainEntityOfPage":{"@id":"https:\/\/pans.krosno.pl\/5glab\/2025\/12\/08\/pans-krosno-i-ekolot-aerospace-defence-zaciesniaja-wspolprace-podpisano-ramowa-umowe-o-partnerstwie\/"},"wordCount":342,"commentCount":0,"publisher":{"@id":"https:\/\/pans.krosno.pl\/5glab\/#organization"},"image":{"@id":"https:\/\/pans.krosno.pl\/5glab\/2025\/12\/08\/pans-krosno-i-ekolot-aerospace-defence-zaciesniaja-wspolprace-podpisano-ramowa-umowe-o-partnerstwie\/#primaryimage"},"thumbnailUrl":"https:\/\/pans.krosno.pl\/5glab\/wp-content\/uploads\/sites\/66\/2026\/01\/image-1.png","articleSection":["Wydarzenia 5G Lab"],"inLanguage":"pl-PL","potentialAction":[{"@type":"CommentAction","name":"Comment","target":["https:\/\/pans.krosno.pl\/5glab\/2025\/12\/08\/pans-krosno-i-ekolot-aerospace-defence-zaciesniaja-wspolprace-podpisano-ramowa-umowe-o-partnerstwie\/#respond"]}]},{"@type":"WebPage","@id":"https:\/\/pans.krosno.pl\/5glab\/2025\/12\/08\/pans-krosno-i-ekolot-aerospace-defence-zaciesniaja-wspolprace-podpisano-ramowa-umowe-o-partnerstwie\/","url":"https:\/\/pans.krosno.pl\/5glab\/2025\/12\/08\/pans-krosno-i-ekolot-aerospace-defence-zaciesniaja-wspolprace-podpisano-ramowa-umowe-o-partnerstwie\/","name":"PANS Krosno i Ekolot Aerospace &amp; Defence zacie\u015bniaj\u0105 wsp\u00f3\u0142prac\u0119. Podpisano ramow\u0105 umow\u0119 o partnerstwie - 5glab","isPartOf":{"@id":"https:\/\/pans.krosno.pl\/5glab\/#website"},"primaryImageOfPage":{"@id":"https:\/\/pans.krosno.pl\/5glab\/2025\/12\/08\/pans-krosno-i-ekolot-aerospace-defence-zaciesniaja-wspolprace-podpisano-ramowa-umowe-o-partnerstwie\/#primaryimage"},"image":{"@id":"https:\/\/pans.krosno.pl\/5glab\/2025\/12\/08\/pans-krosno-i-ekolot-aerospace-defence-zaciesniaja-wspolprace-podpisano-ramowa-umowe-o-partnerstwie\/#primaryimage"},"thumbnailUrl":"https:\/\/pans.krosno.pl\/5glab\/wp-content\/uploads\/sites\/66\/2026\/01\/image-1.png","datePublished":"2025-12-08T19:00:00+00:00","dateModified":"2026-01-30T09:19:06+00:00","breadcrumb":{"@id":"https:\/\/pans.krosno.pl\/5glab\/2025\/12\/08\/pans-krosno-i-ekolot-aerospace-defence-zaciesniaja-wspolprace-podpisano-ramowa-umowe-o-partnerstwie\/#breadcrumb"},"inLanguage":"pl-PL","potentialAction":[{"@type":"ReadAction","target":["https:\/\/pans.krosno.pl\/5glab\/2025\/12\/08\/pans-krosno-i-ekolot-aerospace-defence-zaciesniaja-wspolprace-podpisano-ramowa-umowe-o-partnerstwie\/"]}]},{"@type":"ImageObject","inLanguage":"pl-PL","@id":"https:\/\/pans.krosno.pl\/5glab\/2025\/12\/08\/pans-krosno-i-ekolot-aerospace-defence-zaciesniaja-wspolprace-podpisano-ramowa-umowe-o-partnerstwie\/#primaryimage","url":"https:\/\/pans.krosno.pl\/5glab\/wp-content\/uploads\/sites\/66\/2026\/01\/image-1.png","contentUrl":"https:\/\/pans.krosno.pl\/5glab\/wp-content\/uploads\/sites\/66\/2026\/01\/image-1.png","width":1536,"height":1024},{"@type":"BreadcrumbList","@id":"https:\/\/pans.krosno.pl\/5glab\/2025\/12\/08\/pans-krosno-i-ekolot-aerospace-defence-zaciesniaja-wspolprace-podpisano-ramowa-umowe-o-partnerstwie\/#breadcrumb","itemListElement":[{"@type":"ListItem","position":1,"name":"Strona g\u0142\u00f3wna","item":"https:\/\/pans.krosno.pl\/5glab\/"},{"@type":"ListItem","position":2,"name":"Wydarzenia 5G Lab","item":"https:\/\/pans.krosno.pl\/5glab\/category\/5g\/"},{"@type":"ListItem","position":3,"name":"PANS Krosno i Ekolot Aerospace &amp; Defence zacie\u015bniaj\u0105 wsp\u00f3\u0142prac\u0119. Podpisano ramow\u0105 umow\u0119 o partnerstwie"}]},{"@type":"WebSite","@id":"https:\/\/pans.krosno.pl\/5glab\/#website","url":"https:\/\/pans.krosno.pl\/5glab\/","name":"PANS w Kro\u015bnie","description":"","publisher":{"@id":"https:\/\/pans.krosno.pl\/5glab\/#organization"},"alternateName":"PANS Krosno","potentialAction":[{"@type":"SearchAction","target":{"@type":"EntryPoint","urlTemplate":"https:\/\/pans.krosno.pl\/5glab\/?s={search_term_string}"},"query-input":{"@type":"PropertyValueSpecification","valueRequired":true,"valueName":"search_term_string"}}],"inLanguage":"pl-PL"},{"@type":"Organization","@id":"https:\/\/pans.krosno.pl\/5glab\/#organization","name":"Pa\u0144stwowa Akademia Nauk Stosowanych w Kro\u015bnie","alternateName":"PANS Krosno","url":"https:\/\/pans.krosno.pl\/5glab\/","logo":{"@type":"ImageObject","inLanguage":"pl-PL","@id":"https:\/\/pans.krosno.pl\/5glab\/#\/schema\/logo\/image\/","url":"https:\/\/pans.krosno.pl\/wp-content\/uploads\/2023\/01\/Logo-PANS-2022-pelne-2-scaled.jpg","contentUrl":"https:\/\/pans.krosno.pl\/wp-content\/uploads\/2023\/01\/Logo-PANS-2022-pelne-2-scaled.jpg","width":2560,"height":576,"caption":"Pa\u0144stwowa Akademia Nauk Stosowanych w Kro\u015bnie"},"image":{"@id":"https:\/\/pans.krosno.pl\/5glab\/#\/schema\/logo\/image\/"},"sameAs":["https:\/\/www.facebook.com\/StudiaKrosno\/","https:\/\/www.instagram.com\/pans.krosno\/","https:\/\/pl.linkedin.com\/company\/pwsz-krosno","https:\/\/www.youtube.com\/user\/pwszkrosno\/","https:\/\/pl.wikipedia.org\/wiki\/Pa\u0144stwowa_Wy\u017csza_Szko\u0142a_Zawodowa_im._Stanis\u0142awa_Pigonia_w_Kro\u015bnie"]},{"@type":"Person","@id":"https:\/\/pans.krosno.pl\/5glab\/#\/schema\/person\/6fdc2f086448977aedd1a17fb2d90220","name":"damianprzybyla","image":{"@type":"ImageObject","inLanguage":"pl-PL","@id":"https:\/\/secure.gravatar.com\/avatar\/5b15e3b0f679a391a5b1f218e1ddfd13e97c937a0425276e3ecb78554257f26e?s=96&d=mm&r=g","url":"https:\/\/secure.gravatar.com\/avatar\/5b15e3b0f679a391a5b1f218e1ddfd13e97c937a0425276e3ecb78554257f26e?s=96&d=mm&r=g","contentUrl":"https:\/\/secure.gravatar.com\/avatar\/5b15e3b0f679a391a5b1f218e1ddfd13e97c937a0425276e3ecb78554257f26e?s=96&d=mm&r=g","caption":"damianprzybyla"},"url":"https:\/\/pans.krosno.pl\/5glab\/author\/damianprzybyla\/"}]}},"_links":{"self":[{"href":"https:\/\/pans.krosno.pl\/5glab\/wp-json\/wp\/v2\/posts\/383","targetHints":{"allow":["GET"]}}],"collection":[{"href":"https:\/\/pans.krosno.pl\/5glab\/wp-json\/wp\/v2\/posts"}],"about":[{"href":"https:\/\/pans.krosno.pl\/5glab\/wp-json\/wp\/v2\/types\/post"}],"author":[{"embeddable":true,"href":"https:\/\/pans.krosno.pl\/5glab\/wp-json\/wp\/v2\/users\/100"}],"replies":[{"embeddable":true,"href":"https:\/\/pans.krosno.pl\/5glab\/wp-json\/wp\/v2\/comments?post=383"}],"version-history":[{"count":1,"href":"https:\/\/pans.krosno.pl\/5glab\/wp-json\/wp\/v2\/posts\/383\/revisions"}],"predecessor-version":[{"id":387,"href":"https:\/\/pans.krosno.pl\/5glab\/wp-json\/wp\/v2\/posts\/383\/revisions\/387"}],"wp:featuredmedia":[{"embeddable":true,"href":"https:\/\/pans.krosno.pl\/5glab\/wp-json\/wp\/v2\/media\/384"}],"wp:attachment":[{"href":"https:\/\/pans.krosno.pl\/5glab\/wp-json\/wp\/v2\/media?parent=383"}],"wp:term":[{"taxonomy":"category","embeddable":true,"href":"https:\/\/pans.krosno.pl\/5glab\/wp-json\/wp\/v2\/categories?post=383"},{"taxonomy":"post_tag","embeddable":true,"href":"https:\/\/pans.krosno.pl\/5glab\/wp-json\/wp\/v2\/tags?post=383"}],"curies":[{"name":"wp","href":"https:\/\/api.w.org\/{rel}","templated":true}]}}