{"id":380,"date":"2026-01-26T19:00:00","date_gmt":"2026-01-26T19:00:00","guid":{"rendered":"https:\/\/pans.krosno.pl\/5glab\/?p=380"},"modified":"2026-01-30T09:16:13","modified_gmt":"2026-01-30T09:16:13","slug":"pans-krosno-zaprezentowal-mon-i-wat-gotowy-plan-pilotazu-uav-i-5g","status":"publish","type":"post","link":"https:\/\/pans.krosno.pl\/5glab\/2026\/01\/26\/pans-krosno-zaprezentowal-mon-i-wat-gotowy-plan-pilotazu-uav-i-5g\/","title":{"rendered":"PANS Krosno zaprezentowa\u0142 MON i WAT gotowy plan pilota\u017cu UAV i 5G"},"content":{"rendered":"\n<p>W Ministerstwie Obrony Narodowej odby\u0142o si\u0119 spotkanie robocze, podczas kt\u00f3rego zesp\u00f3\u0142 Pa\u0144stwowej Akademii Nauk Stosowanych w Kro\u015bnie (PANS), reprezentowany przez JM Rektora dra hab. Zbigniewa Barabasza, prof. PANS, Dyrektora Instytutu Politechnicznego dra in\u017c. Piotra Waisa oraz mgra in\u017c. Daniela Bia\u0142ego \u2013 badacza w Laboratorium Sieci i Us\u0142ug 5G \u2013 zaprezentowa\u0142 w\u0142asny, gotowy plan pilota\u017cu technologii 5G oraz system\u00f3w bezza\u0142ogowych.<\/p>\n\n\n\n<figure class=\"wp-block-image size-large\"><img loading=\"lazy\" decoding=\"async\" width=\"1024\" height=\"640\" src=\"https:\/\/pans.krosno.pl\/5glab\/wp-content\/uploads\/sites\/66\/2026\/01\/image-1024x640.png\" alt=\"\" class=\"wp-image-381\" srcset=\"https:\/\/pans.krosno.pl\/5glab\/wp-content\/uploads\/sites\/66\/2026\/01\/image-1024x640.png 1024w, https:\/\/pans.krosno.pl\/5glab\/wp-content\/uploads\/sites\/66\/2026\/01\/image-300x188.png 300w, https:\/\/pans.krosno.pl\/5glab\/wp-content\/uploads\/sites\/66\/2026\/01\/image-768x480.png 768w, https:\/\/pans.krosno.pl\/5glab\/wp-content\/uploads\/sites\/66\/2026\/01\/image-800x500.png 800w, https:\/\/pans.krosno.pl\/5glab\/wp-content\/uploads\/sites\/66\/2026\/01\/image-580x363.png 580w, https:\/\/pans.krosno.pl\/5glab\/wp-content\/uploads\/sites\/66\/2026\/01\/image.png 1440w\" sizes=\"auto, (max-width: 1024px) 100vw, 1024px\" \/><\/figure>\n\n\n\n<p>Propozycja zosta\u0142a przedstawiona przedstawicielom Ministerstwa Obrony Narodowej oraz Wojskowej Akademii Technicznej (WAT). Spotkanie zosta\u0142o zorganizowane przy wsparciu dra n. med. Dariusza Sobieraja, doradcy Wicepremiera i Ministra Obrony Narodowej RP, kt\u00f3ry odegra\u0142 istotn\u0105 rol\u0119 koordynacyjn\u0105 w przygotowaniu rozm\u00f3w pomi\u0119dzy \u015brodowiskiem akademickim a resortem obrony.<\/p>\n\n\n\n<p>Rozmowy prowadzi\u0142 prof. dr hab. Leszek Wieczorek, Zast\u0119pca Dyrektora Departamentu Szkolnictwa Wojskowego MON. Udzia\u0142 w nich wzi\u0105\u0142 r\u00f3wnie\u017c p\u0142k Pawe\u0142 Pniewski, przedstawiciel Departamentu Innowacji MON.<\/p>\n\n\n\n<p>Stron\u0119 Wojskowej Akademii Technicznej reprezentowali:<\/p>\n\n\n\n<ul class=\"wp-block-list\">\n<li>p\u0142k prof. dr hab. in\u017c. Micha\u0142 K\u0119dzierski \u2013 Dziekan Wydzia\u0142u In\u017cynierii L\u0105dowej i Geodezji (WIG),<\/li>\n\n\n\n<li>pp\u0142k dr in\u017c. Maciej Henzel \u2013 Dyrektor Instytutu Techniki Lotniczej Wydzia\u0142u Mechatroniki, Uzbrojenia i Lotnictwa,<\/li>\n\n\n\n<li>p\u0142k dr hab. in\u017c. Jan Kelner, prof. WAT \u2013 Dziekan Wydzia\u0142u Elektroniki.<\/li>\n<\/ul>\n\n\n\n<p>Podczas prezentacji zesp\u00f3\u0142 PANS przedstawi\u0142 infrastruktur\u0119 PANS 5G LAB \u2013 prywatn\u0105 sie\u0107 5G Standalone oraz \u015brodowisko testowe dla platform UAV \u2013 a tak\u017ce wyniki dotychczasowych bada\u0144 terenowych realizowanych w Kro\u015bnie, kt\u00f3re stanowi\u0105 fundament zaproponowanego pilota\u017cu.<\/p>\n\n\n\n<p>Przedstawiciele MON pozytywnie odnie\u015bli si\u0119 do zaprezentowanego planu, podkre\u015blaj\u0105c wysoki poziom dojrza\u0142o\u015bci technologicznej \u015brodowiska. Strony wyrazi\u0142y zainteresowanie kontynuacj\u0105 rozm\u00f3w oraz dalszymi pracami przygotowawczymi, w tym organizacj\u0105 warsztat\u00f3w pilota\u017cowych w Kro\u015bnie, kt\u00f3re pozwol\u0105 na praktyczn\u0105 prezentacj\u0119 infrastruktury 5G, zaplecza laboratoryjnego oraz \u015brodowiska testowego UAV.<\/p>\n\n\n\n<p>Inicjatywa PANS Krosno wpisuje si\u0119 w rozw\u00f3j nowoczesnych kompetencji technologicznych w obszarze system\u00f3w bezza\u0142ogowych, infrastruktury telekomunikacyjnej nowej generacji oraz kszta\u0142cenia kadr technicznych. Jednocze\u015bnie stanowi element szerszej koncepcji budowy Centrum Kompetencji Dronowych realizowanej przez Urz\u0105d Miasta Krosna, kt\u00f3rej celem jest stworzenie regionalnego hubu technologicznego \u0142\u0105cz\u0105cego badania, testy terenowe, szkolenia oraz wsp\u00f3\u0142prac\u0119 z administracj\u0105 publiczn\u0105 i przemys\u0142em.<\/p>\n","protected":false},"excerpt":{"rendered":"<p>W Ministerstwie Obrony Narodowej odby\u0142o si\u0119 spotkanie robocze, podczas kt\u00f3rego zesp\u00f3\u0142 Pa\u0144stwowej Akademii Nauk Stosowanych w Kro\u015bnie (PANS), reprezentowany przez JM Rektora dra hab. Zbigniewa Barabasza, prof. PANS, Dyrektora Instytutu Politechnicznego dra in\u017c. Piotra Waisa oraz mgra in\u017c. Daniela Bia\u0142ego \u2013 badacza w Laboratorium Sieci i Us\u0142ug 5G \u2013 zaprezentowa\u0142 [\u2026] <\/p>\n<div class=\"clear\"><\/div>\n<p><a class=\"more_link clearfix\" href=\"https:\/\/pans.krosno.pl\/5glab\/2026\/01\/26\/pans-krosno-zaprezentowal-mon-i-wat-gotowy-plan-pilotazu-uav-i-5g\/\" rel=\"nofollow\">Read More<\/a><\/p>\n","protected":false},"author":100,"featured_media":381,"comment_status":"open","ping_status":"open","sticky":false,"template":"","format":"standard","meta":{"ngg_post_thumbnail":0,"footnotes":""},"categories":[4],"tags":[],"class_list":["post-380","post","type-post","status-publish","format-standard","has-post-thumbnail","hentry","category-5g"],"yoast_head":"<!-- This site is optimized with the Yoast SEO Premium plugin v27.4 (Yoast SEO v27.4) - https:\/\/yoast.com\/product\/yoast-seo-premium-wordpress\/ -->\n<title>PANS Krosno zaprezentowa\u0142 MON i WAT gotowy plan pilota\u017cu UAV i 5G - 5glab<\/title>\n<meta name=\"robots\" content=\"index, follow, max-snippet:-1, max-image-preview:large, max-video-preview:-1\" \/>\n<link rel=\"canonical\" href=\"https:\/\/pans.krosno.pl\/5glab\/2026\/01\/26\/pans-krosno-zaprezentowal-mon-i-wat-gotowy-plan-pilotazu-uav-i-5g\/\" \/>\n<meta property=\"og:locale\" content=\"pl_PL\" \/>\n<meta property=\"og:type\" content=\"article\" \/>\n<meta property=\"og:title\" content=\"PANS Krosno zaprezentowa\u0142 MON i WAT gotowy plan pilota\u017cu UAV i 5G\" \/>\n<meta property=\"og:description\" content=\"W Ministerstwie Obrony Narodowej odby\u0142o si\u0119 spotkanie robocze, podczas kt\u00f3rego zesp\u00f3\u0142 Pa\u0144stwowej Akademii Nauk Stosowanych w Kro\u015bnie (PANS), reprezentowany przez JM Rektora dra hab. Zbigniewa Barabasza, prof. PANS, Dyrektora Instytutu Politechnicznego dra in\u017c. Piotra Waisa oraz mgra in\u017c. Daniela Bia\u0142ego \u2013 badacza w Laboratorium Sieci i Us\u0142ug 5G \u2013 zaprezentowa\u0142 [\u2026] Read More\" \/>\n<meta property=\"og:url\" content=\"https:\/\/pans.krosno.pl\/5glab\/2026\/01\/26\/pans-krosno-zaprezentowal-mon-i-wat-gotowy-plan-pilotazu-uav-i-5g\/\" \/>\n<meta property=\"og:site_name\" content=\"5glab\" \/>\n<meta property=\"article:publisher\" content=\"https:\/\/www.facebook.com\/StudiaKrosno\/\" \/>\n<meta property=\"article:published_time\" content=\"2026-01-26T19:00:00+00:00\" \/>\n<meta property=\"article:modified_time\" content=\"2026-01-30T09:16:13+00:00\" \/>\n<meta property=\"og:image\" content=\"https:\/\/pans.krosno.pl\/5glab\/wp-content\/uploads\/sites\/66\/2026\/01\/image.png\" \/>\n\t<meta property=\"og:image:width\" content=\"1440\" \/>\n\t<meta property=\"og:image:height\" content=\"900\" \/>\n\t<meta property=\"og:image:type\" content=\"image\/png\" \/>\n<meta name=\"author\" content=\"damianprzybyla\" \/>\n<meta name=\"twitter:card\" content=\"summary_large_image\" \/>\n<meta name=\"twitter:label1\" content=\"Napisane przez\" \/>\n\t<meta name=\"twitter:data1\" content=\"damianprzybyla\" \/>\n\t<meta name=\"twitter:label2\" content=\"Szacowany czas czytania\" \/>\n\t<meta name=\"twitter:data2\" content=\"3 minuty\" \/>\n<script type=\"application\/ld+json\" class=\"yoast-schema-graph\">{\"@context\":\"https:\\\/\\\/schema.org\",\"@graph\":[{\"@type\":\"Article\",\"@id\":\"https:\\\/\\\/pans.krosno.pl\\\/5glab\\\/2026\\\/01\\\/26\\\/pans-krosno-zaprezentowal-mon-i-wat-gotowy-plan-pilotazu-uav-i-5g\\\/#article\",\"isPartOf\":{\"@id\":\"https:\\\/\\\/pans.krosno.pl\\\/5glab\\\/2026\\\/01\\\/26\\\/pans-krosno-zaprezentowal-mon-i-wat-gotowy-plan-pilotazu-uav-i-5g\\\/\"},\"author\":{\"name\":\"damianprzybyla\",\"@id\":\"https:\\\/\\\/pans.krosno.pl\\\/5glab\\\/#\\\/schema\\\/person\\\/6fdc2f086448977aedd1a17fb2d90220\"},\"headline\":\"PANS Krosno zaprezentowa\u0142 MON i WAT gotowy plan pilota\u017cu UAV i 5G\",\"datePublished\":\"2026-01-26T19:00:00+00:00\",\"dateModified\":\"2026-01-30T09:16:13+00:00\",\"mainEntityOfPage\":{\"@id\":\"https:\\\/\\\/pans.krosno.pl\\\/5glab\\\/2026\\\/01\\\/26\\\/pans-krosno-zaprezentowal-mon-i-wat-gotowy-plan-pilotazu-uav-i-5g\\\/\"},\"wordCount\":365,\"commentCount\":0,\"publisher\":{\"@id\":\"https:\\\/\\\/pans.krosno.pl\\\/5glab\\\/#organization\"},\"image\":{\"@id\":\"https:\\\/\\\/pans.krosno.pl\\\/5glab\\\/2026\\\/01\\\/26\\\/pans-krosno-zaprezentowal-mon-i-wat-gotowy-plan-pilotazu-uav-i-5g\\\/#primaryimage\"},\"thumbnailUrl\":\"https:\\\/\\\/pans.krosno.pl\\\/5glab\\\/wp-content\\\/uploads\\\/sites\\\/66\\\/2026\\\/01\\\/image.png\",\"articleSection\":[\"Wydarzenia 5G Lab\"],\"inLanguage\":\"pl-PL\",\"potentialAction\":[{\"@type\":\"CommentAction\",\"name\":\"Comment\",\"target\":[\"https:\\\/\\\/pans.krosno.pl\\\/5glab\\\/2026\\\/01\\\/26\\\/pans-krosno-zaprezentowal-mon-i-wat-gotowy-plan-pilotazu-uav-i-5g\\\/#respond\"]}]},{\"@type\":\"WebPage\",\"@id\":\"https:\\\/\\\/pans.krosno.pl\\\/5glab\\\/2026\\\/01\\\/26\\\/pans-krosno-zaprezentowal-mon-i-wat-gotowy-plan-pilotazu-uav-i-5g\\\/\",\"url\":\"https:\\\/\\\/pans.krosno.pl\\\/5glab\\\/2026\\\/01\\\/26\\\/pans-krosno-zaprezentowal-mon-i-wat-gotowy-plan-pilotazu-uav-i-5g\\\/\",\"name\":\"PANS Krosno zaprezentowa\u0142 MON i WAT gotowy plan pilota\u017cu UAV i 5G - 5glab\",\"isPartOf\":{\"@id\":\"https:\\\/\\\/pans.krosno.pl\\\/5glab\\\/#website\"},\"primaryImageOfPage\":{\"@id\":\"https:\\\/\\\/pans.krosno.pl\\\/5glab\\\/2026\\\/01\\\/26\\\/pans-krosno-zaprezentowal-mon-i-wat-gotowy-plan-pilotazu-uav-i-5g\\\/#primaryimage\"},\"image\":{\"@id\":\"https:\\\/\\\/pans.krosno.pl\\\/5glab\\\/2026\\\/01\\\/26\\\/pans-krosno-zaprezentowal-mon-i-wat-gotowy-plan-pilotazu-uav-i-5g\\\/#primaryimage\"},\"thumbnailUrl\":\"https:\\\/\\\/pans.krosno.pl\\\/5glab\\\/wp-content\\\/uploads\\\/sites\\\/66\\\/2026\\\/01\\\/image.png\",\"datePublished\":\"2026-01-26T19:00:00+00:00\",\"dateModified\":\"2026-01-30T09:16:13+00:00\",\"breadcrumb\":{\"@id\":\"https:\\\/\\\/pans.krosno.pl\\\/5glab\\\/2026\\\/01\\\/26\\\/pans-krosno-zaprezentowal-mon-i-wat-gotowy-plan-pilotazu-uav-i-5g\\\/#breadcrumb\"},\"inLanguage\":\"pl-PL\",\"potentialAction\":[{\"@type\":\"ReadAction\",\"target\":[\"https:\\\/\\\/pans.krosno.pl\\\/5glab\\\/2026\\\/01\\\/26\\\/pans-krosno-zaprezentowal-mon-i-wat-gotowy-plan-pilotazu-uav-i-5g\\\/\"]}]},{\"@type\":\"ImageObject\",\"inLanguage\":\"pl-PL\",\"@id\":\"https:\\\/\\\/pans.krosno.pl\\\/5glab\\\/2026\\\/01\\\/26\\\/pans-krosno-zaprezentowal-mon-i-wat-gotowy-plan-pilotazu-uav-i-5g\\\/#primaryimage\",\"url\":\"https:\\\/\\\/pans.krosno.pl\\\/5glab\\\/wp-content\\\/uploads\\\/sites\\\/66\\\/2026\\\/01\\\/image.png\",\"contentUrl\":\"https:\\\/\\\/pans.krosno.pl\\\/5glab\\\/wp-content\\\/uploads\\\/sites\\\/66\\\/2026\\\/01\\\/image.png\",\"width\":1440,\"height\":900},{\"@type\":\"BreadcrumbList\",\"@id\":\"https:\\\/\\\/pans.krosno.pl\\\/5glab\\\/2026\\\/01\\\/26\\\/pans-krosno-zaprezentowal-mon-i-wat-gotowy-plan-pilotazu-uav-i-5g\\\/#breadcrumb\",\"itemListElement\":[{\"@type\":\"ListItem\",\"position\":1,\"name\":\"Strona g\u0142\u00f3wna\",\"item\":\"https:\\\/\\\/pans.krosno.pl\\\/5glab\\\/\"},{\"@type\":\"ListItem\",\"position\":2,\"name\":\"Wydarzenia 5G Lab\",\"item\":\"https:\\\/\\\/pans.krosno.pl\\\/5glab\\\/category\\\/5g\\\/\"},{\"@type\":\"ListItem\",\"position\":3,\"name\":\"PANS Krosno zaprezentowa\u0142 MON i WAT gotowy plan pilota\u017cu UAV i 5G\"}]},{\"@type\":\"WebSite\",\"@id\":\"https:\\\/\\\/pans.krosno.pl\\\/5glab\\\/#website\",\"url\":\"https:\\\/\\\/pans.krosno.pl\\\/5glab\\\/\",\"name\":\"PANS w Kro\u015bnie\",\"description\":\"\",\"publisher\":{\"@id\":\"https:\\\/\\\/pans.krosno.pl\\\/5glab\\\/#organization\"},\"alternateName\":\"PANS Krosno\",\"potentialAction\":[{\"@type\":\"SearchAction\",\"target\":{\"@type\":\"EntryPoint\",\"urlTemplate\":\"https:\\\/\\\/pans.krosno.pl\\\/5glab\\\/?s={search_term_string}\"},\"query-input\":{\"@type\":\"PropertyValueSpecification\",\"valueRequired\":true,\"valueName\":\"search_term_string\"}}],\"inLanguage\":\"pl-PL\"},{\"@type\":\"Organization\",\"@id\":\"https:\\\/\\\/pans.krosno.pl\\\/5glab\\\/#organization\",\"name\":\"Pa\u0144stwowa Akademia Nauk Stosowanych w Kro\u015bnie\",\"alternateName\":\"PANS Krosno\",\"url\":\"https:\\\/\\\/pans.krosno.pl\\\/5glab\\\/\",\"logo\":{\"@type\":\"ImageObject\",\"inLanguage\":\"pl-PL\",\"@id\":\"https:\\\/\\\/pans.krosno.pl\\\/5glab\\\/#\\\/schema\\\/logo\\\/image\\\/\",\"url\":\"https:\\\/\\\/pans.krosno.pl\\\/wp-content\\\/uploads\\\/2023\\\/01\\\/Logo-PANS-2022-pelne-2-scaled.jpg\",\"contentUrl\":\"https:\\\/\\\/pans.krosno.pl\\\/wp-content\\\/uploads\\\/2023\\\/01\\\/Logo-PANS-2022-pelne-2-scaled.jpg\",\"width\":2560,\"height\":576,\"caption\":\"Pa\u0144stwowa Akademia Nauk Stosowanych w Kro\u015bnie\"},\"image\":{\"@id\":\"https:\\\/\\\/pans.krosno.pl\\\/5glab\\\/#\\\/schema\\\/logo\\\/image\\\/\"},\"sameAs\":[\"https:\\\/\\\/www.facebook.com\\\/StudiaKrosno\\\/\",\"https:\\\/\\\/www.instagram.com\\\/pans.krosno\\\/\",\"https:\\\/\\\/pl.linkedin.com\\\/company\\\/pwsz-krosno\",\"https:\\\/\\\/www.youtube.com\\\/user\\\/pwszkrosno\\\/\",\"https:\\\/\\\/pl.wikipedia.org\\\/wiki\\\/Pa\u0144stwowa_Wy\u017csza_Szko\u0142a_Zawodowa_im._Stanis\u0142awa_Pigonia_w_Kro\u015bnie\"]},{\"@type\":\"Person\",\"@id\":\"https:\\\/\\\/pans.krosno.pl\\\/5glab\\\/#\\\/schema\\\/person\\\/6fdc2f086448977aedd1a17fb2d90220\",\"name\":\"damianprzybyla\",\"image\":{\"@type\":\"ImageObject\",\"inLanguage\":\"pl-PL\",\"@id\":\"https:\\\/\\\/secure.gravatar.com\\\/avatar\\\/5b15e3b0f679a391a5b1f218e1ddfd13e97c937a0425276e3ecb78554257f26e?s=96&d=mm&r=g\",\"url\":\"https:\\\/\\\/secure.gravatar.com\\\/avatar\\\/5b15e3b0f679a391a5b1f218e1ddfd13e97c937a0425276e3ecb78554257f26e?s=96&d=mm&r=g\",\"contentUrl\":\"https:\\\/\\\/secure.gravatar.com\\\/avatar\\\/5b15e3b0f679a391a5b1f218e1ddfd13e97c937a0425276e3ecb78554257f26e?s=96&d=mm&r=g\",\"caption\":\"damianprzybyla\"},\"url\":\"https:\\\/\\\/pans.krosno.pl\\\/5glab\\\/author\\\/damianprzybyla\\\/\"}]}<\/script>\n<!-- \/ Yoast SEO Premium plugin. -->","yoast_head_json":{"title":"PANS Krosno zaprezentowa\u0142 MON i WAT gotowy plan pilota\u017cu UAV i 5G - 5glab","robots":{"index":"index","follow":"follow","max-snippet":"max-snippet:-1","max-image-preview":"max-image-preview:large","max-video-preview":"max-video-preview:-1"},"canonical":"https:\/\/pans.krosno.pl\/5glab\/2026\/01\/26\/pans-krosno-zaprezentowal-mon-i-wat-gotowy-plan-pilotazu-uav-i-5g\/","og_locale":"pl_PL","og_type":"article","og_title":"PANS Krosno zaprezentowa\u0142 MON i WAT gotowy plan pilota\u017cu UAV i 5G","og_description":"W Ministerstwie Obrony Narodowej odby\u0142o si\u0119 spotkanie robocze, podczas kt\u00f3rego zesp\u00f3\u0142 Pa\u0144stwowej Akademii Nauk Stosowanych w Kro\u015bnie (PANS), reprezentowany przez JM Rektora dra hab. Zbigniewa Barabasza, prof. PANS, Dyrektora Instytutu Politechnicznego dra in\u017c. Piotra Waisa oraz mgra in\u017c. Daniela Bia\u0142ego \u2013 badacza w Laboratorium Sieci i Us\u0142ug 5G \u2013 zaprezentowa\u0142 [\u2026] Read More","og_url":"https:\/\/pans.krosno.pl\/5glab\/2026\/01\/26\/pans-krosno-zaprezentowal-mon-i-wat-gotowy-plan-pilotazu-uav-i-5g\/","og_site_name":"5glab","article_publisher":"https:\/\/www.facebook.com\/StudiaKrosno\/","article_published_time":"2026-01-26T19:00:00+00:00","article_modified_time":"2026-01-30T09:16:13+00:00","og_image":[{"width":1440,"height":900,"url":"https:\/\/pans.krosno.pl\/5glab\/wp-content\/uploads\/sites\/66\/2026\/01\/image.png","type":"image\/png"}],"author":"damianprzybyla","twitter_card":"summary_large_image","twitter_misc":{"Napisane przez":"damianprzybyla","Szacowany czas czytania":"3 minuty"},"schema":{"@context":"https:\/\/schema.org","@graph":[{"@type":"Article","@id":"https:\/\/pans.krosno.pl\/5glab\/2026\/01\/26\/pans-krosno-zaprezentowal-mon-i-wat-gotowy-plan-pilotazu-uav-i-5g\/#article","isPartOf":{"@id":"https:\/\/pans.krosno.pl\/5glab\/2026\/01\/26\/pans-krosno-zaprezentowal-mon-i-wat-gotowy-plan-pilotazu-uav-i-5g\/"},"author":{"name":"damianprzybyla","@id":"https:\/\/pans.krosno.pl\/5glab\/#\/schema\/person\/6fdc2f086448977aedd1a17fb2d90220"},"headline":"PANS Krosno zaprezentowa\u0142 MON i WAT gotowy plan pilota\u017cu UAV i 5G","datePublished":"2026-01-26T19:00:00+00:00","dateModified":"2026-01-30T09:16:13+00:00","mainEntityOfPage":{"@id":"https:\/\/pans.krosno.pl\/5glab\/2026\/01\/26\/pans-krosno-zaprezentowal-mon-i-wat-gotowy-plan-pilotazu-uav-i-5g\/"},"wordCount":365,"commentCount":0,"publisher":{"@id":"https:\/\/pans.krosno.pl\/5glab\/#organization"},"image":{"@id":"https:\/\/pans.krosno.pl\/5glab\/2026\/01\/26\/pans-krosno-zaprezentowal-mon-i-wat-gotowy-plan-pilotazu-uav-i-5g\/#primaryimage"},"thumbnailUrl":"https:\/\/pans.krosno.pl\/5glab\/wp-content\/uploads\/sites\/66\/2026\/01\/image.png","articleSection":["Wydarzenia 5G Lab"],"inLanguage":"pl-PL","potentialAction":[{"@type":"CommentAction","name":"Comment","target":["https:\/\/pans.krosno.pl\/5glab\/2026\/01\/26\/pans-krosno-zaprezentowal-mon-i-wat-gotowy-plan-pilotazu-uav-i-5g\/#respond"]}]},{"@type":"WebPage","@id":"https:\/\/pans.krosno.pl\/5glab\/2026\/01\/26\/pans-krosno-zaprezentowal-mon-i-wat-gotowy-plan-pilotazu-uav-i-5g\/","url":"https:\/\/pans.krosno.pl\/5glab\/2026\/01\/26\/pans-krosno-zaprezentowal-mon-i-wat-gotowy-plan-pilotazu-uav-i-5g\/","name":"PANS Krosno zaprezentowa\u0142 MON i WAT gotowy plan pilota\u017cu UAV i 5G - 5glab","isPartOf":{"@id":"https:\/\/pans.krosno.pl\/5glab\/#website"},"primaryImageOfPage":{"@id":"https:\/\/pans.krosno.pl\/5glab\/2026\/01\/26\/pans-krosno-zaprezentowal-mon-i-wat-gotowy-plan-pilotazu-uav-i-5g\/#primaryimage"},"image":{"@id":"https:\/\/pans.krosno.pl\/5glab\/2026\/01\/26\/pans-krosno-zaprezentowal-mon-i-wat-gotowy-plan-pilotazu-uav-i-5g\/#primaryimage"},"thumbnailUrl":"https:\/\/pans.krosno.pl\/5glab\/wp-content\/uploads\/sites\/66\/2026\/01\/image.png","datePublished":"2026-01-26T19:00:00+00:00","dateModified":"2026-01-30T09:16:13+00:00","breadcrumb":{"@id":"https:\/\/pans.krosno.pl\/5glab\/2026\/01\/26\/pans-krosno-zaprezentowal-mon-i-wat-gotowy-plan-pilotazu-uav-i-5g\/#breadcrumb"},"inLanguage":"pl-PL","potentialAction":[{"@type":"ReadAction","target":["https:\/\/pans.krosno.pl\/5glab\/2026\/01\/26\/pans-krosno-zaprezentowal-mon-i-wat-gotowy-plan-pilotazu-uav-i-5g\/"]}]},{"@type":"ImageObject","inLanguage":"pl-PL","@id":"https:\/\/pans.krosno.pl\/5glab\/2026\/01\/26\/pans-krosno-zaprezentowal-mon-i-wat-gotowy-plan-pilotazu-uav-i-5g\/#primaryimage","url":"https:\/\/pans.krosno.pl\/5glab\/wp-content\/uploads\/sites\/66\/2026\/01\/image.png","contentUrl":"https:\/\/pans.krosno.pl\/5glab\/wp-content\/uploads\/sites\/66\/2026\/01\/image.png","width":1440,"height":900},{"@type":"BreadcrumbList","@id":"https:\/\/pans.krosno.pl\/5glab\/2026\/01\/26\/pans-krosno-zaprezentowal-mon-i-wat-gotowy-plan-pilotazu-uav-i-5g\/#breadcrumb","itemListElement":[{"@type":"ListItem","position":1,"name":"Strona g\u0142\u00f3wna","item":"https:\/\/pans.krosno.pl\/5glab\/"},{"@type":"ListItem","position":2,"name":"Wydarzenia 5G Lab","item":"https:\/\/pans.krosno.pl\/5glab\/category\/5g\/"},{"@type":"ListItem","position":3,"name":"PANS Krosno zaprezentowa\u0142 MON i WAT gotowy plan pilota\u017cu UAV i 5G"}]},{"@type":"WebSite","@id":"https:\/\/pans.krosno.pl\/5glab\/#website","url":"https:\/\/pans.krosno.pl\/5glab\/","name":"PANS w Kro\u015bnie","description":"","publisher":{"@id":"https:\/\/pans.krosno.pl\/5glab\/#organization"},"alternateName":"PANS Krosno","potentialAction":[{"@type":"SearchAction","target":{"@type":"EntryPoint","urlTemplate":"https:\/\/pans.krosno.pl\/5glab\/?s={search_term_string}"},"query-input":{"@type":"PropertyValueSpecification","valueRequired":true,"valueName":"search_term_string"}}],"inLanguage":"pl-PL"},{"@type":"Organization","@id":"https:\/\/pans.krosno.pl\/5glab\/#organization","name":"Pa\u0144stwowa Akademia Nauk Stosowanych w Kro\u015bnie","alternateName":"PANS Krosno","url":"https:\/\/pans.krosno.pl\/5glab\/","logo":{"@type":"ImageObject","inLanguage":"pl-PL","@id":"https:\/\/pans.krosno.pl\/5glab\/#\/schema\/logo\/image\/","url":"https:\/\/pans.krosno.pl\/wp-content\/uploads\/2023\/01\/Logo-PANS-2022-pelne-2-scaled.jpg","contentUrl":"https:\/\/pans.krosno.pl\/wp-content\/uploads\/2023\/01\/Logo-PANS-2022-pelne-2-scaled.jpg","width":2560,"height":576,"caption":"Pa\u0144stwowa Akademia Nauk Stosowanych w Kro\u015bnie"},"image":{"@id":"https:\/\/pans.krosno.pl\/5glab\/#\/schema\/logo\/image\/"},"sameAs":["https:\/\/www.facebook.com\/StudiaKrosno\/","https:\/\/www.instagram.com\/pans.krosno\/","https:\/\/pl.linkedin.com\/company\/pwsz-krosno","https:\/\/www.youtube.com\/user\/pwszkrosno\/","https:\/\/pl.wikipedia.org\/wiki\/Pa\u0144stwowa_Wy\u017csza_Szko\u0142a_Zawodowa_im._Stanis\u0142awa_Pigonia_w_Kro\u015bnie"]},{"@type":"Person","@id":"https:\/\/pans.krosno.pl\/5glab\/#\/schema\/person\/6fdc2f086448977aedd1a17fb2d90220","name":"damianprzybyla","image":{"@type":"ImageObject","inLanguage":"pl-PL","@id":"https:\/\/secure.gravatar.com\/avatar\/5b15e3b0f679a391a5b1f218e1ddfd13e97c937a0425276e3ecb78554257f26e?s=96&d=mm&r=g","url":"https:\/\/secure.gravatar.com\/avatar\/5b15e3b0f679a391a5b1f218e1ddfd13e97c937a0425276e3ecb78554257f26e?s=96&d=mm&r=g","contentUrl":"https:\/\/secure.gravatar.com\/avatar\/5b15e3b0f679a391a5b1f218e1ddfd13e97c937a0425276e3ecb78554257f26e?s=96&d=mm&r=g","caption":"damianprzybyla"},"url":"https:\/\/pans.krosno.pl\/5glab\/author\/damianprzybyla\/"}]}},"_links":{"self":[{"href":"https:\/\/pans.krosno.pl\/5glab\/wp-json\/wp\/v2\/posts\/380","targetHints":{"allow":["GET"]}}],"collection":[{"href":"https:\/\/pans.krosno.pl\/5glab\/wp-json\/wp\/v2\/posts"}],"about":[{"href":"https:\/\/pans.krosno.pl\/5glab\/wp-json\/wp\/v2\/types\/post"}],"author":[{"embeddable":true,"href":"https:\/\/pans.krosno.pl\/5glab\/wp-json\/wp\/v2\/users\/100"}],"replies":[{"embeddable":true,"href":"https:\/\/pans.krosno.pl\/5glab\/wp-json\/wp\/v2\/comments?post=380"}],"version-history":[{"count":1,"href":"https:\/\/pans.krosno.pl\/5glab\/wp-json\/wp\/v2\/posts\/380\/revisions"}],"predecessor-version":[{"id":382,"href":"https:\/\/pans.krosno.pl\/5glab\/wp-json\/wp\/v2\/posts\/380\/revisions\/382"}],"wp:featuredmedia":[{"embeddable":true,"href":"https:\/\/pans.krosno.pl\/5glab\/wp-json\/wp\/v2\/media\/381"}],"wp:attachment":[{"href":"https:\/\/pans.krosno.pl\/5glab\/wp-json\/wp\/v2\/media?parent=380"}],"wp:term":[{"taxonomy":"category","embeddable":true,"href":"https:\/\/pans.krosno.pl\/5glab\/wp-json\/wp\/v2\/categories?post=380"},{"taxonomy":"post_tag","embeddable":true,"href":"https:\/\/pans.krosno.pl\/5glab\/wp-json\/wp\/v2\/tags?post=380"}],"curies":[{"name":"wp","href":"https:\/\/api.w.org\/{rel}","templated":true}]}}