{"id":349,"date":"2025-08-26T18:00:00","date_gmt":"2025-08-26T17:00:00","guid":{"rendered":"https:\/\/pans.krosno.pl\/5glab\/?p=349"},"modified":"2025-09-02T07:36:17","modified_gmt":"2025-09-02T06:36:17","slug":"wizyta-studentow-z-universitea-din-oradea","status":"publish","type":"post","link":"https:\/\/pans.krosno.pl\/5glab\/2025\/08\/26\/wizyta-studentow-z-universitea-din-oradea\/","title":{"rendered":"Wizyta student\u00f3w z\u00a0Universitea din Oradea oraz Pavol Jozef \u0160af\u00e1rik University"},"content":{"rendered":"\n<p class=\"has-text-align-left\">W dniu 26.08.2025 w naszym Laboratorium Sieci i Us\u0142ug 5G go\u015bcili studenci ze S\u0142owacji \ud83c\uddf8\ud83c\uddf0 i Rumunii \ud83c\uddf7\ud83c\uddf4. Studenci Universitea din Oradea i Pavol Jozef \u0160af\u00e1rik University odwiedzili Pa\u0144stwow\u0105 Akademi\u0119 Nauk Stosowanych w ramach uczestnictwa w pierwszym Mieszanym Programie Intensywnym w Pa\u0144stwowej Akademii Nauk Stosowanych w Kro\u015bnie organizowanym przez Zak\u0142ad Wychowania Fizycznego.<\/p>\n\n\n\n<p class=\"has-text-align-left\">Grupa s\u0142uchaczy sk\u0142ada\u0142a si\u0119 z 16 student\u00f3w oraz 2 opiekun\u00f3w, uczestnicy byli \u017cywo zainteresowani prezentowan\u0105 tematyk\u0105 oraz szeroko komentowali mo\u017cliwo\u015bci implementacji zaproponowanych rozwi\u0105za\u0144. Jeden z uczestnik\u00f3w zajmuje si\u0119 monta\u017cem i obs\u0142ug\u0105 klimatyzator\u00f3w, tematyka \u0142\u0105czno\u015bci by\u0142a dla niego zatem szczeg\u00f3lnie istotna. Podczas prezentacji om\u00f3wiono zastosowanie technologii 5G w obszarach bezza\u0142ogowych statk\u00f3w powietrznych, automatyzacji przemys\u0142u, wirtualnej rzeczywisto\u015bci, monitoringu i inteligentnemu przetwarzaniu obrazu w czasie rzeczywistym, a uczestnicy mogli na w\u0142asne oczy zobaczy\u0107 te rozwi\u0105zania zastosowane w praktyce.<\/p>\n\n\n\n<figure class=\"wp-block-image size-large\"><img loading=\"lazy\" decoding=\"async\" width=\"1024\" height=\"685\" src=\"https:\/\/pans.krosno.pl\/5glab\/wp-content\/uploads\/sites\/66\/2025\/09\/20250826_110041-1-1024x685.jpg\" alt=\"\" class=\"wp-image-350\" srcset=\"https:\/\/pans.krosno.pl\/5glab\/wp-content\/uploads\/sites\/66\/2025\/09\/20250826_110041-1-1024x685.jpg 1024w, https:\/\/pans.krosno.pl\/5glab\/wp-content\/uploads\/sites\/66\/2025\/09\/20250826_110041-1-300x201.jpg 300w, https:\/\/pans.krosno.pl\/5glab\/wp-content\/uploads\/sites\/66\/2025\/09\/20250826_110041-1-768x513.jpg 768w, https:\/\/pans.krosno.pl\/5glab\/wp-content\/uploads\/sites\/66\/2025\/09\/20250826_110041-1-1536x1027.jpg 1536w, https:\/\/pans.krosno.pl\/5glab\/wp-content\/uploads\/sites\/66\/2025\/09\/20250826_110041-1-2048x1369.jpg 2048w, https:\/\/pans.krosno.pl\/5glab\/wp-content\/uploads\/sites\/66\/2025\/09\/20250826_110041-1-2000x1337.jpg 2000w, https:\/\/pans.krosno.pl\/5glab\/wp-content\/uploads\/sites\/66\/2025\/09\/20250826_110041-1-800x535.jpg 800w, https:\/\/pans.krosno.pl\/5glab\/wp-content\/uploads\/sites\/66\/2025\/09\/20250826_110041-1-580x388.jpg 580w\" sizes=\"auto, (max-width: 1024px) 100vw, 1024px\" \/><\/figure>\n","protected":false},"excerpt":{"rendered":"<p>W dniu 26.08.2025 w naszym Laboratorium Sieci i Us\u0142ug 5G go\u015bcili studenci ze S\u0142owacji \ud83c\uddf8\ud83c\uddf0 i Rumunii \ud83c\uddf7\ud83c\uddf4. Studenci Universitea din Oradea i Pavol Jozef \u0160af\u00e1rik University odwiedzili Pa\u0144stwow\u0105 Akademi\u0119 Nauk Stosowanych w ramach uczestnictwa w pierwszym Mieszanym Programie Intensywnym w Pa\u0144stwowej Akademii Nauk Stosowanych w Kro\u015bnie organizowanym przez Zak\u0142ad [\u2026] <\/p>\n<div class=\"clear\"><\/div>\n<p><a class=\"more_link clearfix\" href=\"https:\/\/pans.krosno.pl\/5glab\/2025\/08\/26\/wizyta-studentow-z-universitea-din-oradea\/\" rel=\"nofollow\">Read More<\/a><\/p>\n","protected":false},"author":100,"featured_media":345,"comment_status":"open","ping_status":"open","sticky":false,"template":"","format":"standard","meta":{"ngg_post_thumbnail":0,"footnotes":""},"categories":[4],"tags":[],"class_list":["post-349","post","type-post","status-publish","format-standard","has-post-thumbnail","hentry","category-5g"],"yoast_head":"<!-- This site is optimized with the Yoast SEO Premium plugin v27.4 (Yoast SEO v27.4) - https:\/\/yoast.com\/product\/yoast-seo-premium-wordpress\/ -->\n<title>Wizyta student\u00f3w z\u00a0Universitea din Oradea oraz Pavol Jozef \u0160af\u00e1rik University - 5glab<\/title>\n<meta name=\"robots\" content=\"index, follow, max-snippet:-1, max-image-preview:large, max-video-preview:-1\" \/>\n<link rel=\"canonical\" href=\"https:\/\/pans.krosno.pl\/5glab\/2025\/08\/26\/wizyta-studentow-z-universitea-din-oradea\/\" \/>\n<meta property=\"og:locale\" content=\"pl_PL\" \/>\n<meta property=\"og:type\" content=\"article\" \/>\n<meta property=\"og:title\" content=\"Wizyta student\u00f3w z\u00a0Universitea din Oradea oraz Pavol Jozef \u0160af\u00e1rik University\" \/>\n<meta property=\"og:description\" content=\"W dniu 26.08.2025 w naszym Laboratorium Sieci i Us\u0142ug 5G go\u015bcili studenci ze S\u0142owacji \ud83c\uddf8\ud83c\uddf0 i Rumunii \ud83c\uddf7\ud83c\uddf4. Studenci Universitea din Oradea i Pavol Jozef \u0160af\u00e1rik University odwiedzili Pa\u0144stwow\u0105 Akademi\u0119 Nauk Stosowanych w ramach uczestnictwa w pierwszym Mieszanym Programie Intensywnym w Pa\u0144stwowej Akademii Nauk Stosowanych w Kro\u015bnie organizowanym przez Zak\u0142ad [\u2026] Read More\" \/>\n<meta property=\"og:url\" content=\"https:\/\/pans.krosno.pl\/5glab\/2025\/08\/26\/wizyta-studentow-z-universitea-din-oradea\/\" \/>\n<meta property=\"og:site_name\" content=\"5glab\" \/>\n<meta property=\"article:publisher\" content=\"https:\/\/www.facebook.com\/StudiaKrosno\/\" \/>\n<meta property=\"article:published_time\" content=\"2025-08-26T17:00:00+00:00\" \/>\n<meta property=\"article:modified_time\" content=\"2025-09-02T06:36:17+00:00\" \/>\n<meta property=\"og:image\" content=\"https:\/\/pans.krosno.pl\/5glab\/wp-content\/uploads\/sites\/66\/2025\/09\/20250826_110041-scaled.jpg\" \/>\n\t<meta property=\"og:image:width\" content=\"2560\" \/>\n\t<meta property=\"og:image:height\" content=\"1712\" \/>\n\t<meta property=\"og:image:type\" content=\"image\/jpeg\" \/>\n<meta name=\"author\" content=\"damianprzybyla\" \/>\n<meta name=\"twitter:card\" content=\"summary_large_image\" \/>\n<meta name=\"twitter:label1\" content=\"Napisane przez\" \/>\n\t<meta name=\"twitter:data1\" content=\"damianprzybyla\" \/>\n\t<meta name=\"twitter:label2\" content=\"Szacowany czas czytania\" \/>\n\t<meta name=\"twitter:data2\" content=\"2 minuty\" \/>\n<script type=\"application\/ld+json\" class=\"yoast-schema-graph\">{\"@context\":\"https:\\\/\\\/schema.org\",\"@graph\":[{\"@type\":\"Article\",\"@id\":\"https:\\\/\\\/pans.krosno.pl\\\/5glab\\\/2025\\\/08\\\/26\\\/wizyta-studentow-z-universitea-din-oradea\\\/#article\",\"isPartOf\":{\"@id\":\"https:\\\/\\\/pans.krosno.pl\\\/5glab\\\/2025\\\/08\\\/26\\\/wizyta-studentow-z-universitea-din-oradea\\\/\"},\"author\":{\"name\":\"damianprzybyla\",\"@id\":\"https:\\\/\\\/pans.krosno.pl\\\/5glab\\\/#\\\/schema\\\/person\\\/6fdc2f086448977aedd1a17fb2d90220\"},\"headline\":\"Wizyta student\u00f3w z\u00a0Universitea din Oradea oraz Pavol Jozef \u0160af\u00e1rik University\",\"datePublished\":\"2025-08-26T17:00:00+00:00\",\"dateModified\":\"2025-09-02T06:36:17+00:00\",\"mainEntityOfPage\":{\"@id\":\"https:\\\/\\\/pans.krosno.pl\\\/5glab\\\/2025\\\/08\\\/26\\\/wizyta-studentow-z-universitea-din-oradea\\\/\"},\"wordCount\":165,\"commentCount\":0,\"publisher\":{\"@id\":\"https:\\\/\\\/pans.krosno.pl\\\/5glab\\\/#organization\"},\"image\":{\"@id\":\"https:\\\/\\\/pans.krosno.pl\\\/5glab\\\/2025\\\/08\\\/26\\\/wizyta-studentow-z-universitea-din-oradea\\\/#primaryimage\"},\"thumbnailUrl\":\"https:\\\/\\\/pans.krosno.pl\\\/5glab\\\/wp-content\\\/uploads\\\/sites\\\/66\\\/2025\\\/09\\\/20250826_110041-scaled.jpg\",\"articleSection\":[\"Wydarzenia 5G Lab\"],\"inLanguage\":\"pl-PL\",\"potentialAction\":[{\"@type\":\"CommentAction\",\"name\":\"Comment\",\"target\":[\"https:\\\/\\\/pans.krosno.pl\\\/5glab\\\/2025\\\/08\\\/26\\\/wizyta-studentow-z-universitea-din-oradea\\\/#respond\"]}]},{\"@type\":\"WebPage\",\"@id\":\"https:\\\/\\\/pans.krosno.pl\\\/5glab\\\/2025\\\/08\\\/26\\\/wizyta-studentow-z-universitea-din-oradea\\\/\",\"url\":\"https:\\\/\\\/pans.krosno.pl\\\/5glab\\\/2025\\\/08\\\/26\\\/wizyta-studentow-z-universitea-din-oradea\\\/\",\"name\":\"Wizyta student\u00f3w z\u00a0Universitea din Oradea oraz Pavol Jozef \u0160af\u00e1rik University - 5glab\",\"isPartOf\":{\"@id\":\"https:\\\/\\\/pans.krosno.pl\\\/5glab\\\/#website\"},\"primaryImageOfPage\":{\"@id\":\"https:\\\/\\\/pans.krosno.pl\\\/5glab\\\/2025\\\/08\\\/26\\\/wizyta-studentow-z-universitea-din-oradea\\\/#primaryimage\"},\"image\":{\"@id\":\"https:\\\/\\\/pans.krosno.pl\\\/5glab\\\/2025\\\/08\\\/26\\\/wizyta-studentow-z-universitea-din-oradea\\\/#primaryimage\"},\"thumbnailUrl\":\"https:\\\/\\\/pans.krosno.pl\\\/5glab\\\/wp-content\\\/uploads\\\/sites\\\/66\\\/2025\\\/09\\\/20250826_110041-scaled.jpg\",\"datePublished\":\"2025-08-26T17:00:00+00:00\",\"dateModified\":\"2025-09-02T06:36:17+00:00\",\"breadcrumb\":{\"@id\":\"https:\\\/\\\/pans.krosno.pl\\\/5glab\\\/2025\\\/08\\\/26\\\/wizyta-studentow-z-universitea-din-oradea\\\/#breadcrumb\"},\"inLanguage\":\"pl-PL\",\"potentialAction\":[{\"@type\":\"ReadAction\",\"target\":[\"https:\\\/\\\/pans.krosno.pl\\\/5glab\\\/2025\\\/08\\\/26\\\/wizyta-studentow-z-universitea-din-oradea\\\/\"]}]},{\"@type\":\"ImageObject\",\"inLanguage\":\"pl-PL\",\"@id\":\"https:\\\/\\\/pans.krosno.pl\\\/5glab\\\/2025\\\/08\\\/26\\\/wizyta-studentow-z-universitea-din-oradea\\\/#primaryimage\",\"url\":\"https:\\\/\\\/pans.krosno.pl\\\/5glab\\\/wp-content\\\/uploads\\\/sites\\\/66\\\/2025\\\/09\\\/20250826_110041-scaled.jpg\",\"contentUrl\":\"https:\\\/\\\/pans.krosno.pl\\\/5glab\\\/wp-content\\\/uploads\\\/sites\\\/66\\\/2025\\\/09\\\/20250826_110041-scaled.jpg\",\"width\":2560,\"height\":1712},{\"@type\":\"BreadcrumbList\",\"@id\":\"https:\\\/\\\/pans.krosno.pl\\\/5glab\\\/2025\\\/08\\\/26\\\/wizyta-studentow-z-universitea-din-oradea\\\/#breadcrumb\",\"itemListElement\":[{\"@type\":\"ListItem\",\"position\":1,\"name\":\"Strona g\u0142\u00f3wna\",\"item\":\"https:\\\/\\\/pans.krosno.pl\\\/5glab\\\/\"},{\"@type\":\"ListItem\",\"position\":2,\"name\":\"Wydarzenia 5G Lab\",\"item\":\"https:\\\/\\\/pans.krosno.pl\\\/5glab\\\/category\\\/5g\\\/\"},{\"@type\":\"ListItem\",\"position\":3,\"name\":\"Wizyta student\u00f3w z\u00a0Universitea din Oradea oraz Pavol Jozef \u0160af\u00e1rik University\"}]},{\"@type\":\"WebSite\",\"@id\":\"https:\\\/\\\/pans.krosno.pl\\\/5glab\\\/#website\",\"url\":\"https:\\\/\\\/pans.krosno.pl\\\/5glab\\\/\",\"name\":\"PANS w Kro\u015bnie\",\"description\":\"\",\"publisher\":{\"@id\":\"https:\\\/\\\/pans.krosno.pl\\\/5glab\\\/#organization\"},\"alternateName\":\"PANS Krosno\",\"potentialAction\":[{\"@type\":\"SearchAction\",\"target\":{\"@type\":\"EntryPoint\",\"urlTemplate\":\"https:\\\/\\\/pans.krosno.pl\\\/5glab\\\/?s={search_term_string}\"},\"query-input\":{\"@type\":\"PropertyValueSpecification\",\"valueRequired\":true,\"valueName\":\"search_term_string\"}}],\"inLanguage\":\"pl-PL\"},{\"@type\":\"Organization\",\"@id\":\"https:\\\/\\\/pans.krosno.pl\\\/5glab\\\/#organization\",\"name\":\"Pa\u0144stwowa Akademia Nauk Stosowanych w Kro\u015bnie\",\"alternateName\":\"PANS Krosno\",\"url\":\"https:\\\/\\\/pans.krosno.pl\\\/5glab\\\/\",\"logo\":{\"@type\":\"ImageObject\",\"inLanguage\":\"pl-PL\",\"@id\":\"https:\\\/\\\/pans.krosno.pl\\\/5glab\\\/#\\\/schema\\\/logo\\\/image\\\/\",\"url\":\"https:\\\/\\\/pans.krosno.pl\\\/wp-content\\\/uploads\\\/2023\\\/01\\\/Logo-PANS-2022-pelne-2-scaled.jpg\",\"contentUrl\":\"https:\\\/\\\/pans.krosno.pl\\\/wp-content\\\/uploads\\\/2023\\\/01\\\/Logo-PANS-2022-pelne-2-scaled.jpg\",\"width\":2560,\"height\":576,\"caption\":\"Pa\u0144stwowa Akademia Nauk Stosowanych w Kro\u015bnie\"},\"image\":{\"@id\":\"https:\\\/\\\/pans.krosno.pl\\\/5glab\\\/#\\\/schema\\\/logo\\\/image\\\/\"},\"sameAs\":[\"https:\\\/\\\/www.facebook.com\\\/StudiaKrosno\\\/\",\"https:\\\/\\\/www.instagram.com\\\/pans.krosno\\\/\",\"https:\\\/\\\/pl.linkedin.com\\\/company\\\/pwsz-krosno\",\"https:\\\/\\\/www.youtube.com\\\/user\\\/pwszkrosno\\\/\",\"https:\\\/\\\/pl.wikipedia.org\\\/wiki\\\/Pa\u0144stwowa_Wy\u017csza_Szko\u0142a_Zawodowa_im._Stanis\u0142awa_Pigonia_w_Kro\u015bnie\"]},{\"@type\":\"Person\",\"@id\":\"https:\\\/\\\/pans.krosno.pl\\\/5glab\\\/#\\\/schema\\\/person\\\/6fdc2f086448977aedd1a17fb2d90220\",\"name\":\"damianprzybyla\",\"image\":{\"@type\":\"ImageObject\",\"inLanguage\":\"pl-PL\",\"@id\":\"https:\\\/\\\/secure.gravatar.com\\\/avatar\\\/5b15e3b0f679a391a5b1f218e1ddfd13e97c937a0425276e3ecb78554257f26e?s=96&d=mm&r=g\",\"url\":\"https:\\\/\\\/secure.gravatar.com\\\/avatar\\\/5b15e3b0f679a391a5b1f218e1ddfd13e97c937a0425276e3ecb78554257f26e?s=96&d=mm&r=g\",\"contentUrl\":\"https:\\\/\\\/secure.gravatar.com\\\/avatar\\\/5b15e3b0f679a391a5b1f218e1ddfd13e97c937a0425276e3ecb78554257f26e?s=96&d=mm&r=g\",\"caption\":\"damianprzybyla\"},\"url\":\"https:\\\/\\\/pans.krosno.pl\\\/5glab\\\/author\\\/damianprzybyla\\\/\"}]}<\/script>\n<!-- \/ Yoast SEO Premium plugin. -->","yoast_head_json":{"title":"Wizyta student\u00f3w z\u00a0Universitea din Oradea oraz Pavol Jozef \u0160af\u00e1rik University - 5glab","robots":{"index":"index","follow":"follow","max-snippet":"max-snippet:-1","max-image-preview":"max-image-preview:large","max-video-preview":"max-video-preview:-1"},"canonical":"https:\/\/pans.krosno.pl\/5glab\/2025\/08\/26\/wizyta-studentow-z-universitea-din-oradea\/","og_locale":"pl_PL","og_type":"article","og_title":"Wizyta student\u00f3w z\u00a0Universitea din Oradea oraz Pavol Jozef \u0160af\u00e1rik University","og_description":"W dniu 26.08.2025 w naszym Laboratorium Sieci i Us\u0142ug 5G go\u015bcili studenci ze S\u0142owacji \ud83c\uddf8\ud83c\uddf0 i Rumunii \ud83c\uddf7\ud83c\uddf4. Studenci Universitea din Oradea i Pavol Jozef \u0160af\u00e1rik University odwiedzili Pa\u0144stwow\u0105 Akademi\u0119 Nauk Stosowanych w ramach uczestnictwa w pierwszym Mieszanym Programie Intensywnym w Pa\u0144stwowej Akademii Nauk Stosowanych w Kro\u015bnie organizowanym przez Zak\u0142ad [\u2026] Read More","og_url":"https:\/\/pans.krosno.pl\/5glab\/2025\/08\/26\/wizyta-studentow-z-universitea-din-oradea\/","og_site_name":"5glab","article_publisher":"https:\/\/www.facebook.com\/StudiaKrosno\/","article_published_time":"2025-08-26T17:00:00+00:00","article_modified_time":"2025-09-02T06:36:17+00:00","og_image":[{"width":2560,"height":1712,"url":"https:\/\/pans.krosno.pl\/5glab\/wp-content\/uploads\/sites\/66\/2025\/09\/20250826_110041-scaled.jpg","type":"image\/jpeg"}],"author":"damianprzybyla","twitter_card":"summary_large_image","twitter_misc":{"Napisane przez":"damianprzybyla","Szacowany czas czytania":"2 minuty"},"schema":{"@context":"https:\/\/schema.org","@graph":[{"@type":"Article","@id":"https:\/\/pans.krosno.pl\/5glab\/2025\/08\/26\/wizyta-studentow-z-universitea-din-oradea\/#article","isPartOf":{"@id":"https:\/\/pans.krosno.pl\/5glab\/2025\/08\/26\/wizyta-studentow-z-universitea-din-oradea\/"},"author":{"name":"damianprzybyla","@id":"https:\/\/pans.krosno.pl\/5glab\/#\/schema\/person\/6fdc2f086448977aedd1a17fb2d90220"},"headline":"Wizyta student\u00f3w z\u00a0Universitea din Oradea oraz Pavol Jozef \u0160af\u00e1rik University","datePublished":"2025-08-26T17:00:00+00:00","dateModified":"2025-09-02T06:36:17+00:00","mainEntityOfPage":{"@id":"https:\/\/pans.krosno.pl\/5glab\/2025\/08\/26\/wizyta-studentow-z-universitea-din-oradea\/"},"wordCount":165,"commentCount":0,"publisher":{"@id":"https:\/\/pans.krosno.pl\/5glab\/#organization"},"image":{"@id":"https:\/\/pans.krosno.pl\/5glab\/2025\/08\/26\/wizyta-studentow-z-universitea-din-oradea\/#primaryimage"},"thumbnailUrl":"https:\/\/pans.krosno.pl\/5glab\/wp-content\/uploads\/sites\/66\/2025\/09\/20250826_110041-scaled.jpg","articleSection":["Wydarzenia 5G Lab"],"inLanguage":"pl-PL","potentialAction":[{"@type":"CommentAction","name":"Comment","target":["https:\/\/pans.krosno.pl\/5glab\/2025\/08\/26\/wizyta-studentow-z-universitea-din-oradea\/#respond"]}]},{"@type":"WebPage","@id":"https:\/\/pans.krosno.pl\/5glab\/2025\/08\/26\/wizyta-studentow-z-universitea-din-oradea\/","url":"https:\/\/pans.krosno.pl\/5glab\/2025\/08\/26\/wizyta-studentow-z-universitea-din-oradea\/","name":"Wizyta student\u00f3w z\u00a0Universitea din Oradea oraz Pavol Jozef \u0160af\u00e1rik University - 5glab","isPartOf":{"@id":"https:\/\/pans.krosno.pl\/5glab\/#website"},"primaryImageOfPage":{"@id":"https:\/\/pans.krosno.pl\/5glab\/2025\/08\/26\/wizyta-studentow-z-universitea-din-oradea\/#primaryimage"},"image":{"@id":"https:\/\/pans.krosno.pl\/5glab\/2025\/08\/26\/wizyta-studentow-z-universitea-din-oradea\/#primaryimage"},"thumbnailUrl":"https:\/\/pans.krosno.pl\/5glab\/wp-content\/uploads\/sites\/66\/2025\/09\/20250826_110041-scaled.jpg","datePublished":"2025-08-26T17:00:00+00:00","dateModified":"2025-09-02T06:36:17+00:00","breadcrumb":{"@id":"https:\/\/pans.krosno.pl\/5glab\/2025\/08\/26\/wizyta-studentow-z-universitea-din-oradea\/#breadcrumb"},"inLanguage":"pl-PL","potentialAction":[{"@type":"ReadAction","target":["https:\/\/pans.krosno.pl\/5glab\/2025\/08\/26\/wizyta-studentow-z-universitea-din-oradea\/"]}]},{"@type":"ImageObject","inLanguage":"pl-PL","@id":"https:\/\/pans.krosno.pl\/5glab\/2025\/08\/26\/wizyta-studentow-z-universitea-din-oradea\/#primaryimage","url":"https:\/\/pans.krosno.pl\/5glab\/wp-content\/uploads\/sites\/66\/2025\/09\/20250826_110041-scaled.jpg","contentUrl":"https:\/\/pans.krosno.pl\/5glab\/wp-content\/uploads\/sites\/66\/2025\/09\/20250826_110041-scaled.jpg","width":2560,"height":1712},{"@type":"BreadcrumbList","@id":"https:\/\/pans.krosno.pl\/5glab\/2025\/08\/26\/wizyta-studentow-z-universitea-din-oradea\/#breadcrumb","itemListElement":[{"@type":"ListItem","position":1,"name":"Strona g\u0142\u00f3wna","item":"https:\/\/pans.krosno.pl\/5glab\/"},{"@type":"ListItem","position":2,"name":"Wydarzenia 5G Lab","item":"https:\/\/pans.krosno.pl\/5glab\/category\/5g\/"},{"@type":"ListItem","position":3,"name":"Wizyta student\u00f3w z\u00a0Universitea din Oradea oraz Pavol Jozef \u0160af\u00e1rik University"}]},{"@type":"WebSite","@id":"https:\/\/pans.krosno.pl\/5glab\/#website","url":"https:\/\/pans.krosno.pl\/5glab\/","name":"PANS w Kro\u015bnie","description":"","publisher":{"@id":"https:\/\/pans.krosno.pl\/5glab\/#organization"},"alternateName":"PANS Krosno","potentialAction":[{"@type":"SearchAction","target":{"@type":"EntryPoint","urlTemplate":"https:\/\/pans.krosno.pl\/5glab\/?s={search_term_string}"},"query-input":{"@type":"PropertyValueSpecification","valueRequired":true,"valueName":"search_term_string"}}],"inLanguage":"pl-PL"},{"@type":"Organization","@id":"https:\/\/pans.krosno.pl\/5glab\/#organization","name":"Pa\u0144stwowa Akademia Nauk Stosowanych w Kro\u015bnie","alternateName":"PANS Krosno","url":"https:\/\/pans.krosno.pl\/5glab\/","logo":{"@type":"ImageObject","inLanguage":"pl-PL","@id":"https:\/\/pans.krosno.pl\/5glab\/#\/schema\/logo\/image\/","url":"https:\/\/pans.krosno.pl\/wp-content\/uploads\/2023\/01\/Logo-PANS-2022-pelne-2-scaled.jpg","contentUrl":"https:\/\/pans.krosno.pl\/wp-content\/uploads\/2023\/01\/Logo-PANS-2022-pelne-2-scaled.jpg","width":2560,"height":576,"caption":"Pa\u0144stwowa Akademia Nauk Stosowanych w Kro\u015bnie"},"image":{"@id":"https:\/\/pans.krosno.pl\/5glab\/#\/schema\/logo\/image\/"},"sameAs":["https:\/\/www.facebook.com\/StudiaKrosno\/","https:\/\/www.instagram.com\/pans.krosno\/","https:\/\/pl.linkedin.com\/company\/pwsz-krosno","https:\/\/www.youtube.com\/user\/pwszkrosno\/","https:\/\/pl.wikipedia.org\/wiki\/Pa\u0144stwowa_Wy\u017csza_Szko\u0142a_Zawodowa_im._Stanis\u0142awa_Pigonia_w_Kro\u015bnie"]},{"@type":"Person","@id":"https:\/\/pans.krosno.pl\/5glab\/#\/schema\/person\/6fdc2f086448977aedd1a17fb2d90220","name":"damianprzybyla","image":{"@type":"ImageObject","inLanguage":"pl-PL","@id":"https:\/\/secure.gravatar.com\/avatar\/5b15e3b0f679a391a5b1f218e1ddfd13e97c937a0425276e3ecb78554257f26e?s=96&d=mm&r=g","url":"https:\/\/secure.gravatar.com\/avatar\/5b15e3b0f679a391a5b1f218e1ddfd13e97c937a0425276e3ecb78554257f26e?s=96&d=mm&r=g","contentUrl":"https:\/\/secure.gravatar.com\/avatar\/5b15e3b0f679a391a5b1f218e1ddfd13e97c937a0425276e3ecb78554257f26e?s=96&d=mm&r=g","caption":"damianprzybyla"},"url":"https:\/\/pans.krosno.pl\/5glab\/author\/damianprzybyla\/"}]}},"_links":{"self":[{"href":"https:\/\/pans.krosno.pl\/5glab\/wp-json\/wp\/v2\/posts\/349","targetHints":{"allow":["GET"]}}],"collection":[{"href":"https:\/\/pans.krosno.pl\/5glab\/wp-json\/wp\/v2\/posts"}],"about":[{"href":"https:\/\/pans.krosno.pl\/5glab\/wp-json\/wp\/v2\/types\/post"}],"author":[{"embeddable":true,"href":"https:\/\/pans.krosno.pl\/5glab\/wp-json\/wp\/v2\/users\/100"}],"replies":[{"embeddable":true,"href":"https:\/\/pans.krosno.pl\/5glab\/wp-json\/wp\/v2\/comments?post=349"}],"version-history":[{"count":3,"href":"https:\/\/pans.krosno.pl\/5glab\/wp-json\/wp\/v2\/posts\/349\/revisions"}],"predecessor-version":[{"id":353,"href":"https:\/\/pans.krosno.pl\/5glab\/wp-json\/wp\/v2\/posts\/349\/revisions\/353"}],"wp:featuredmedia":[{"embeddable":true,"href":"https:\/\/pans.krosno.pl\/5glab\/wp-json\/wp\/v2\/media\/345"}],"wp:attachment":[{"href":"https:\/\/pans.krosno.pl\/5glab\/wp-json\/wp\/v2\/media?parent=349"}],"wp:term":[{"taxonomy":"category","embeddable":true,"href":"https:\/\/pans.krosno.pl\/5glab\/wp-json\/wp\/v2\/categories?post=349"},{"taxonomy":"post_tag","embeddable":true,"href":"https:\/\/pans.krosno.pl\/5glab\/wp-json\/wp\/v2\/tags?post=349"}],"curies":[{"name":"wp","href":"https:\/\/api.w.org\/{rel}","templated":true}]}}