{"id":340,"date":"2025-03-19T19:00:00","date_gmt":"2025-03-19T19:00:00","guid":{"rendered":"https:\/\/pans.krosno.pl\/5glab\/?p=340"},"modified":"2025-09-01T14:18:31","modified_gmt":"2025-09-01T13:18:31","slug":"udzial-pans-w-krosnie-w-walnym-zgromadzeniu-klastra-technologii-kosmicznej","status":"publish","type":"post","link":"https:\/\/pans.krosno.pl\/5glab\/2025\/03\/19\/udzial-pans-w-krosnie-w-walnym-zgromadzeniu-klastra-technologii-kosmicznej\/","title":{"rendered":"Udzia\u0142 PANS w Kro\u015bnie w Walnym Zgromadzeniu Klastra Technologii Kosmicznej"},"content":{"rendered":"\n<p>W dniu 18 marca 2025 r. odby\u0142o si\u0119 Walne Zgromadzenie Klastra Technologii Kosmicznych, podczas kt\u00f3rego Pa\u0144stwow\u0105 Akademi\u0119 Nauk Stosowanych w Kro\u015bnie reprezentowa\u0142a dr Agnieszka Wo\u017aniak, prorektor ds. rozwoju.<\/p>\n\n\n\n<p>Uczelnia jest cz\u0142onkiem Klastra Technologii Kosmicznych od roku 2021 roku. Klaster Technologii Kosmicznych to inicjatywa maj\u0105ca na celu integracj\u0119 i rozw\u00f3j polskiego sektora kosmicznego. Powsta\u0142 z inicjatywy sp\u00f3\u0142ki EXATEL, polskiego operatora telekomunikacyjnego. Cz\u0142onkami Klastra s\u0105 zar\u00f3wno przedsi\u0119biorstwa prywatne, jak i sp\u00f3\u0142ki Skarbu Pa\u0144stwa, organizacje naukowo-badawcze, \u015brodowiska akademickie oraz instytucje wspieraj\u0105ce sektor kosmiczny.<\/p>\n\n\n\n<p>G\u0142\u00f3wne cele Klastra Technologii Kosmicznych to:<\/p>\n\n\n\n<ul class=\"wp-block-list\">\n<li>wsp\u00f3lne budowanie polskich rozwi\u0105za\u0144 satelitarnych,<\/li>\n\n\n\n<li>rozw\u00f3j polskiego przemys\u0142u kosmicznego,<\/li>\n\n\n\n<li>tworzenie konsorcj\u00f3w do realizacji projekt\u00f3w,<\/li>\n\n\n\n<li>upowszechnianie wiedzy o technologiach kosmicznych,<\/li>\n\n\n\n<li>tworzenie ram wsparcia dla inicjatyw cz\u0142onk\u00f3w klastra,<\/li>\n\n\n\n<li>integracja dzia\u0142a\u0144 sektora kosmicznego,<\/li>\n\n\n\n<li>promowanie cz\u0142onk\u00f3w klastra,<\/li>\n\n\n\n<li>wymiana wiedzy i do\u015bwiadcze\u0144,<\/li>\n\n\n\n<li>dzia\u0142ania edukacyjne i promocyjne.<\/li>\n<\/ul>\n\n\n\n<p>Wsp\u00f3\u0142praca w ramach Klastra ma na celu nie tylko rozw\u00f3j technologiczny, ale tak\u017ce budowanie relacji mi\u0119dzynarodowych, pozyskiwanie partner\u00f3w oraz wspieranie w pozyskiwaniu kontrakt\u00f3w czy realizacj\u0119 wsp\u00f3lnych projekt\u00f3w.<\/p>\n\n\n\n<p>Podczas poniedzia\u0142kowego spotkania Uczelnia zaprezentowa\u0142a Laboratorium Sieci i Technologii 5G. Prezentacji dokona\u0142 mgr in\u017c. Daniel Bia\u0142y, przy wsp\u00f3\u0142pracy z mgr in\u017c. Patrykiem Soli\u0144skim.<\/p>\n\n\n\n<figure class=\"wp-block-image size-full\"><img loading=\"lazy\" decoding=\"async\" width=\"820\" height=\"528\" src=\"https:\/\/pans.krosno.pl\/5glab\/wp-content\/uploads\/sites\/66\/2025\/09\/Bez-nazwy-1.png\" alt=\"\" class=\"wp-image-341\" srcset=\"https:\/\/pans.krosno.pl\/5glab\/wp-content\/uploads\/sites\/66\/2025\/09\/Bez-nazwy-1.png 820w, https:\/\/pans.krosno.pl\/5glab\/wp-content\/uploads\/sites\/66\/2025\/09\/Bez-nazwy-1-300x193.png 300w, https:\/\/pans.krosno.pl\/5glab\/wp-content\/uploads\/sites\/66\/2025\/09\/Bez-nazwy-1-768x495.png 768w, https:\/\/pans.krosno.pl\/5glab\/wp-content\/uploads\/sites\/66\/2025\/09\/Bez-nazwy-1-800x515.png 800w, https:\/\/pans.krosno.pl\/5glab\/wp-content\/uploads\/sites\/66\/2025\/09\/Bez-nazwy-1-580x373.png 580w\" sizes=\"auto, (max-width: 820px) 100vw, 820px\" \/><\/figure>\n","protected":false},"excerpt":{"rendered":"<p>W dniu 18 marca 2025 r. odby\u0142o si\u0119 Walne Zgromadzenie Klastra Technologii Kosmicznych, podczas kt\u00f3rego Pa\u0144stwow\u0105 Akademi\u0119 Nauk Stosowanych w Kro\u015bnie reprezentowa\u0142a dr Agnieszka Wo\u017aniak, prorektor ds. rozwoju. Uczelnia jest cz\u0142onkiem Klastra Technologii Kosmicznych od roku 2021 roku. Klaster Technologii Kosmicznych to inicjatywa maj\u0105ca na celu integracj\u0119 i rozw\u00f3j polskiego [\u2026] <\/p>\n<div class=\"clear\"><\/div>\n<p><a class=\"more_link clearfix\" href=\"https:\/\/pans.krosno.pl\/5glab\/2025\/03\/19\/udzial-pans-w-krosnie-w-walnym-zgromadzeniu-klastra-technologii-kosmicznej\/\" rel=\"nofollow\">Read More<\/a><\/p>\n","protected":false},"author":100,"featured_media":341,"comment_status":"open","ping_status":"open","sticky":false,"template":"","format":"standard","meta":{"ngg_post_thumbnail":0,"footnotes":""},"categories":[4],"tags":[],"class_list":["post-340","post","type-post","status-publish","format-standard","has-post-thumbnail","hentry","category-5g"],"yoast_head":"<!-- This site is optimized with the Yoast SEO Premium plugin v27.4 (Yoast SEO v27.4) - https:\/\/yoast.com\/product\/yoast-seo-premium-wordpress\/ -->\n<title>Udzia\u0142 PANS w Kro\u015bnie w Walnym Zgromadzeniu Klastra Technologii Kosmicznej - 5glab<\/title>\n<meta name=\"robots\" content=\"index, follow, max-snippet:-1, max-image-preview:large, max-video-preview:-1\" \/>\n<link rel=\"canonical\" href=\"https:\/\/pans.krosno.pl\/5glab\/2025\/03\/19\/udzial-pans-w-krosnie-w-walnym-zgromadzeniu-klastra-technologii-kosmicznej\/\" \/>\n<meta property=\"og:locale\" content=\"pl_PL\" \/>\n<meta property=\"og:type\" content=\"article\" \/>\n<meta property=\"og:title\" content=\"Udzia\u0142 PANS w Kro\u015bnie w Walnym Zgromadzeniu Klastra Technologii Kosmicznej\" \/>\n<meta property=\"og:description\" content=\"W dniu 18 marca 2025 r. odby\u0142o si\u0119 Walne Zgromadzenie Klastra Technologii Kosmicznych, podczas kt\u00f3rego Pa\u0144stwow\u0105 Akademi\u0119 Nauk Stosowanych w Kro\u015bnie reprezentowa\u0142a dr Agnieszka Wo\u017aniak, prorektor ds. rozwoju. Uczelnia jest cz\u0142onkiem Klastra Technologii Kosmicznych od roku 2021 roku. Klaster Technologii Kosmicznych to inicjatywa maj\u0105ca na celu integracj\u0119 i rozw\u00f3j polskiego [\u2026] Read More\" \/>\n<meta property=\"og:url\" content=\"https:\/\/pans.krosno.pl\/5glab\/2025\/03\/19\/udzial-pans-w-krosnie-w-walnym-zgromadzeniu-klastra-technologii-kosmicznej\/\" \/>\n<meta property=\"og:site_name\" content=\"5glab\" \/>\n<meta property=\"article:publisher\" content=\"https:\/\/www.facebook.com\/StudiaKrosno\/\" \/>\n<meta property=\"article:published_time\" content=\"2025-03-19T19:00:00+00:00\" \/>\n<meta property=\"article:modified_time\" content=\"2025-09-01T13:18:31+00:00\" \/>\n<meta property=\"og:image\" content=\"https:\/\/pans.krosno.pl\/5glab\/wp-content\/uploads\/sites\/66\/2025\/09\/Bez-nazwy-1.png\" \/>\n\t<meta property=\"og:image:width\" content=\"820\" \/>\n\t<meta property=\"og:image:height\" content=\"528\" \/>\n\t<meta property=\"og:image:type\" content=\"image\/png\" \/>\n<meta name=\"author\" content=\"damianprzybyla\" \/>\n<meta name=\"twitter:card\" content=\"summary_large_image\" \/>\n<meta name=\"twitter:label1\" content=\"Napisane przez\" \/>\n\t<meta name=\"twitter:data1\" content=\"damianprzybyla\" \/>\n\t<meta name=\"twitter:label2\" content=\"Szacowany czas czytania\" \/>\n\t<meta name=\"twitter:data2\" content=\"2 minuty\" \/>\n<script type=\"application\/ld+json\" class=\"yoast-schema-graph\">{\"@context\":\"https:\\\/\\\/schema.org\",\"@graph\":[{\"@type\":\"Article\",\"@id\":\"https:\\\/\\\/pans.krosno.pl\\\/5glab\\\/2025\\\/03\\\/19\\\/udzial-pans-w-krosnie-w-walnym-zgromadzeniu-klastra-technologii-kosmicznej\\\/#article\",\"isPartOf\":{\"@id\":\"https:\\\/\\\/pans.krosno.pl\\\/5glab\\\/2025\\\/03\\\/19\\\/udzial-pans-w-krosnie-w-walnym-zgromadzeniu-klastra-technologii-kosmicznej\\\/\"},\"author\":{\"name\":\"damianprzybyla\",\"@id\":\"https:\\\/\\\/pans.krosno.pl\\\/5glab\\\/#\\\/schema\\\/person\\\/6fdc2f086448977aedd1a17fb2d90220\"},\"headline\":\"Udzia\u0142 PANS w Kro\u015bnie w Walnym Zgromadzeniu Klastra Technologii Kosmicznej\",\"datePublished\":\"2025-03-19T19:00:00+00:00\",\"dateModified\":\"2025-09-01T13:18:31+00:00\",\"mainEntityOfPage\":{\"@id\":\"https:\\\/\\\/pans.krosno.pl\\\/5glab\\\/2025\\\/03\\\/19\\\/udzial-pans-w-krosnie-w-walnym-zgromadzeniu-klastra-technologii-kosmicznej\\\/\"},\"wordCount\":228,\"commentCount\":0,\"publisher\":{\"@id\":\"https:\\\/\\\/pans.krosno.pl\\\/5glab\\\/#organization\"},\"image\":{\"@id\":\"https:\\\/\\\/pans.krosno.pl\\\/5glab\\\/2025\\\/03\\\/19\\\/udzial-pans-w-krosnie-w-walnym-zgromadzeniu-klastra-technologii-kosmicznej\\\/#primaryimage\"},\"thumbnailUrl\":\"https:\\\/\\\/pans.krosno.pl\\\/5glab\\\/wp-content\\\/uploads\\\/sites\\\/66\\\/2025\\\/09\\\/Bez-nazwy-1.png\",\"articleSection\":[\"Wydarzenia 5G Lab\"],\"inLanguage\":\"pl-PL\",\"potentialAction\":[{\"@type\":\"CommentAction\",\"name\":\"Comment\",\"target\":[\"https:\\\/\\\/pans.krosno.pl\\\/5glab\\\/2025\\\/03\\\/19\\\/udzial-pans-w-krosnie-w-walnym-zgromadzeniu-klastra-technologii-kosmicznej\\\/#respond\"]}]},{\"@type\":\"WebPage\",\"@id\":\"https:\\\/\\\/pans.krosno.pl\\\/5glab\\\/2025\\\/03\\\/19\\\/udzial-pans-w-krosnie-w-walnym-zgromadzeniu-klastra-technologii-kosmicznej\\\/\",\"url\":\"https:\\\/\\\/pans.krosno.pl\\\/5glab\\\/2025\\\/03\\\/19\\\/udzial-pans-w-krosnie-w-walnym-zgromadzeniu-klastra-technologii-kosmicznej\\\/\",\"name\":\"Udzia\u0142 PANS w Kro\u015bnie w Walnym Zgromadzeniu Klastra Technologii Kosmicznej - 5glab\",\"isPartOf\":{\"@id\":\"https:\\\/\\\/pans.krosno.pl\\\/5glab\\\/#website\"},\"primaryImageOfPage\":{\"@id\":\"https:\\\/\\\/pans.krosno.pl\\\/5glab\\\/2025\\\/03\\\/19\\\/udzial-pans-w-krosnie-w-walnym-zgromadzeniu-klastra-technologii-kosmicznej\\\/#primaryimage\"},\"image\":{\"@id\":\"https:\\\/\\\/pans.krosno.pl\\\/5glab\\\/2025\\\/03\\\/19\\\/udzial-pans-w-krosnie-w-walnym-zgromadzeniu-klastra-technologii-kosmicznej\\\/#primaryimage\"},\"thumbnailUrl\":\"https:\\\/\\\/pans.krosno.pl\\\/5glab\\\/wp-content\\\/uploads\\\/sites\\\/66\\\/2025\\\/09\\\/Bez-nazwy-1.png\",\"datePublished\":\"2025-03-19T19:00:00+00:00\",\"dateModified\":\"2025-09-01T13:18:31+00:00\",\"breadcrumb\":{\"@id\":\"https:\\\/\\\/pans.krosno.pl\\\/5glab\\\/2025\\\/03\\\/19\\\/udzial-pans-w-krosnie-w-walnym-zgromadzeniu-klastra-technologii-kosmicznej\\\/#breadcrumb\"},\"inLanguage\":\"pl-PL\",\"potentialAction\":[{\"@type\":\"ReadAction\",\"target\":[\"https:\\\/\\\/pans.krosno.pl\\\/5glab\\\/2025\\\/03\\\/19\\\/udzial-pans-w-krosnie-w-walnym-zgromadzeniu-klastra-technologii-kosmicznej\\\/\"]}]},{\"@type\":\"ImageObject\",\"inLanguage\":\"pl-PL\",\"@id\":\"https:\\\/\\\/pans.krosno.pl\\\/5glab\\\/2025\\\/03\\\/19\\\/udzial-pans-w-krosnie-w-walnym-zgromadzeniu-klastra-technologii-kosmicznej\\\/#primaryimage\",\"url\":\"https:\\\/\\\/pans.krosno.pl\\\/5glab\\\/wp-content\\\/uploads\\\/sites\\\/66\\\/2025\\\/09\\\/Bez-nazwy-1.png\",\"contentUrl\":\"https:\\\/\\\/pans.krosno.pl\\\/5glab\\\/wp-content\\\/uploads\\\/sites\\\/66\\\/2025\\\/09\\\/Bez-nazwy-1.png\",\"width\":820,\"height\":528},{\"@type\":\"BreadcrumbList\",\"@id\":\"https:\\\/\\\/pans.krosno.pl\\\/5glab\\\/2025\\\/03\\\/19\\\/udzial-pans-w-krosnie-w-walnym-zgromadzeniu-klastra-technologii-kosmicznej\\\/#breadcrumb\",\"itemListElement\":[{\"@type\":\"ListItem\",\"position\":1,\"name\":\"Strona g\u0142\u00f3wna\",\"item\":\"https:\\\/\\\/pans.krosno.pl\\\/5glab\\\/\"},{\"@type\":\"ListItem\",\"position\":2,\"name\":\"Wydarzenia 5G Lab\",\"item\":\"https:\\\/\\\/pans.krosno.pl\\\/5glab\\\/category\\\/5g\\\/\"},{\"@type\":\"ListItem\",\"position\":3,\"name\":\"Udzia\u0142 PANS w Kro\u015bnie w Walnym Zgromadzeniu Klastra Technologii Kosmicznej\"}]},{\"@type\":\"WebSite\",\"@id\":\"https:\\\/\\\/pans.krosno.pl\\\/5glab\\\/#website\",\"url\":\"https:\\\/\\\/pans.krosno.pl\\\/5glab\\\/\",\"name\":\"PANS w Kro\u015bnie\",\"description\":\"\",\"publisher\":{\"@id\":\"https:\\\/\\\/pans.krosno.pl\\\/5glab\\\/#organization\"},\"alternateName\":\"PANS Krosno\",\"potentialAction\":[{\"@type\":\"SearchAction\",\"target\":{\"@type\":\"EntryPoint\",\"urlTemplate\":\"https:\\\/\\\/pans.krosno.pl\\\/5glab\\\/?s={search_term_string}\"},\"query-input\":{\"@type\":\"PropertyValueSpecification\",\"valueRequired\":true,\"valueName\":\"search_term_string\"}}],\"inLanguage\":\"pl-PL\"},{\"@type\":\"Organization\",\"@id\":\"https:\\\/\\\/pans.krosno.pl\\\/5glab\\\/#organization\",\"name\":\"Pa\u0144stwowa Akademia Nauk Stosowanych w Kro\u015bnie\",\"alternateName\":\"PANS Krosno\",\"url\":\"https:\\\/\\\/pans.krosno.pl\\\/5glab\\\/\",\"logo\":{\"@type\":\"ImageObject\",\"inLanguage\":\"pl-PL\",\"@id\":\"https:\\\/\\\/pans.krosno.pl\\\/5glab\\\/#\\\/schema\\\/logo\\\/image\\\/\",\"url\":\"https:\\\/\\\/pans.krosno.pl\\\/wp-content\\\/uploads\\\/2023\\\/01\\\/Logo-PANS-2022-pelne-2-scaled.jpg\",\"contentUrl\":\"https:\\\/\\\/pans.krosno.pl\\\/wp-content\\\/uploads\\\/2023\\\/01\\\/Logo-PANS-2022-pelne-2-scaled.jpg\",\"width\":2560,\"height\":576,\"caption\":\"Pa\u0144stwowa Akademia Nauk Stosowanych w Kro\u015bnie\"},\"image\":{\"@id\":\"https:\\\/\\\/pans.krosno.pl\\\/5glab\\\/#\\\/schema\\\/logo\\\/image\\\/\"},\"sameAs\":[\"https:\\\/\\\/www.facebook.com\\\/StudiaKrosno\\\/\",\"https:\\\/\\\/www.instagram.com\\\/pans.krosno\\\/\",\"https:\\\/\\\/pl.linkedin.com\\\/company\\\/pwsz-krosno\",\"https:\\\/\\\/www.youtube.com\\\/user\\\/pwszkrosno\\\/\",\"https:\\\/\\\/pl.wikipedia.org\\\/wiki\\\/Pa\u0144stwowa_Wy\u017csza_Szko\u0142a_Zawodowa_im._Stanis\u0142awa_Pigonia_w_Kro\u015bnie\"]},{\"@type\":\"Person\",\"@id\":\"https:\\\/\\\/pans.krosno.pl\\\/5glab\\\/#\\\/schema\\\/person\\\/6fdc2f086448977aedd1a17fb2d90220\",\"name\":\"damianprzybyla\",\"image\":{\"@type\":\"ImageObject\",\"inLanguage\":\"pl-PL\",\"@id\":\"https:\\\/\\\/secure.gravatar.com\\\/avatar\\\/5b15e3b0f679a391a5b1f218e1ddfd13e97c937a0425276e3ecb78554257f26e?s=96&d=mm&r=g\",\"url\":\"https:\\\/\\\/secure.gravatar.com\\\/avatar\\\/5b15e3b0f679a391a5b1f218e1ddfd13e97c937a0425276e3ecb78554257f26e?s=96&d=mm&r=g\",\"contentUrl\":\"https:\\\/\\\/secure.gravatar.com\\\/avatar\\\/5b15e3b0f679a391a5b1f218e1ddfd13e97c937a0425276e3ecb78554257f26e?s=96&d=mm&r=g\",\"caption\":\"damianprzybyla\"},\"url\":\"https:\\\/\\\/pans.krosno.pl\\\/5glab\\\/author\\\/damianprzybyla\\\/\"}]}<\/script>\n<!-- \/ Yoast SEO Premium plugin. -->","yoast_head_json":{"title":"Udzia\u0142 PANS w Kro\u015bnie w Walnym Zgromadzeniu Klastra Technologii Kosmicznej - 5glab","robots":{"index":"index","follow":"follow","max-snippet":"max-snippet:-1","max-image-preview":"max-image-preview:large","max-video-preview":"max-video-preview:-1"},"canonical":"https:\/\/pans.krosno.pl\/5glab\/2025\/03\/19\/udzial-pans-w-krosnie-w-walnym-zgromadzeniu-klastra-technologii-kosmicznej\/","og_locale":"pl_PL","og_type":"article","og_title":"Udzia\u0142 PANS w Kro\u015bnie w Walnym Zgromadzeniu Klastra Technologii Kosmicznej","og_description":"W dniu 18 marca 2025 r. odby\u0142o si\u0119 Walne Zgromadzenie Klastra Technologii Kosmicznych, podczas kt\u00f3rego Pa\u0144stwow\u0105 Akademi\u0119 Nauk Stosowanych w Kro\u015bnie reprezentowa\u0142a dr Agnieszka Wo\u017aniak, prorektor ds. rozwoju. Uczelnia jest cz\u0142onkiem Klastra Technologii Kosmicznych od roku 2021 roku. Klaster Technologii Kosmicznych to inicjatywa maj\u0105ca na celu integracj\u0119 i rozw\u00f3j polskiego [\u2026] Read More","og_url":"https:\/\/pans.krosno.pl\/5glab\/2025\/03\/19\/udzial-pans-w-krosnie-w-walnym-zgromadzeniu-klastra-technologii-kosmicznej\/","og_site_name":"5glab","article_publisher":"https:\/\/www.facebook.com\/StudiaKrosno\/","article_published_time":"2025-03-19T19:00:00+00:00","article_modified_time":"2025-09-01T13:18:31+00:00","og_image":[{"width":820,"height":528,"url":"https:\/\/pans.krosno.pl\/5glab\/wp-content\/uploads\/sites\/66\/2025\/09\/Bez-nazwy-1.png","type":"image\/png"}],"author":"damianprzybyla","twitter_card":"summary_large_image","twitter_misc":{"Napisane przez":"damianprzybyla","Szacowany czas czytania":"2 minuty"},"schema":{"@context":"https:\/\/schema.org","@graph":[{"@type":"Article","@id":"https:\/\/pans.krosno.pl\/5glab\/2025\/03\/19\/udzial-pans-w-krosnie-w-walnym-zgromadzeniu-klastra-technologii-kosmicznej\/#article","isPartOf":{"@id":"https:\/\/pans.krosno.pl\/5glab\/2025\/03\/19\/udzial-pans-w-krosnie-w-walnym-zgromadzeniu-klastra-technologii-kosmicznej\/"},"author":{"name":"damianprzybyla","@id":"https:\/\/pans.krosno.pl\/5glab\/#\/schema\/person\/6fdc2f086448977aedd1a17fb2d90220"},"headline":"Udzia\u0142 PANS w Kro\u015bnie w Walnym Zgromadzeniu Klastra Technologii Kosmicznej","datePublished":"2025-03-19T19:00:00+00:00","dateModified":"2025-09-01T13:18:31+00:00","mainEntityOfPage":{"@id":"https:\/\/pans.krosno.pl\/5glab\/2025\/03\/19\/udzial-pans-w-krosnie-w-walnym-zgromadzeniu-klastra-technologii-kosmicznej\/"},"wordCount":228,"commentCount":0,"publisher":{"@id":"https:\/\/pans.krosno.pl\/5glab\/#organization"},"image":{"@id":"https:\/\/pans.krosno.pl\/5glab\/2025\/03\/19\/udzial-pans-w-krosnie-w-walnym-zgromadzeniu-klastra-technologii-kosmicznej\/#primaryimage"},"thumbnailUrl":"https:\/\/pans.krosno.pl\/5glab\/wp-content\/uploads\/sites\/66\/2025\/09\/Bez-nazwy-1.png","articleSection":["Wydarzenia 5G Lab"],"inLanguage":"pl-PL","potentialAction":[{"@type":"CommentAction","name":"Comment","target":["https:\/\/pans.krosno.pl\/5glab\/2025\/03\/19\/udzial-pans-w-krosnie-w-walnym-zgromadzeniu-klastra-technologii-kosmicznej\/#respond"]}]},{"@type":"WebPage","@id":"https:\/\/pans.krosno.pl\/5glab\/2025\/03\/19\/udzial-pans-w-krosnie-w-walnym-zgromadzeniu-klastra-technologii-kosmicznej\/","url":"https:\/\/pans.krosno.pl\/5glab\/2025\/03\/19\/udzial-pans-w-krosnie-w-walnym-zgromadzeniu-klastra-technologii-kosmicznej\/","name":"Udzia\u0142 PANS w Kro\u015bnie w Walnym Zgromadzeniu Klastra Technologii Kosmicznej - 5glab","isPartOf":{"@id":"https:\/\/pans.krosno.pl\/5glab\/#website"},"primaryImageOfPage":{"@id":"https:\/\/pans.krosno.pl\/5glab\/2025\/03\/19\/udzial-pans-w-krosnie-w-walnym-zgromadzeniu-klastra-technologii-kosmicznej\/#primaryimage"},"image":{"@id":"https:\/\/pans.krosno.pl\/5glab\/2025\/03\/19\/udzial-pans-w-krosnie-w-walnym-zgromadzeniu-klastra-technologii-kosmicznej\/#primaryimage"},"thumbnailUrl":"https:\/\/pans.krosno.pl\/5glab\/wp-content\/uploads\/sites\/66\/2025\/09\/Bez-nazwy-1.png","datePublished":"2025-03-19T19:00:00+00:00","dateModified":"2025-09-01T13:18:31+00:00","breadcrumb":{"@id":"https:\/\/pans.krosno.pl\/5glab\/2025\/03\/19\/udzial-pans-w-krosnie-w-walnym-zgromadzeniu-klastra-technologii-kosmicznej\/#breadcrumb"},"inLanguage":"pl-PL","potentialAction":[{"@type":"ReadAction","target":["https:\/\/pans.krosno.pl\/5glab\/2025\/03\/19\/udzial-pans-w-krosnie-w-walnym-zgromadzeniu-klastra-technologii-kosmicznej\/"]}]},{"@type":"ImageObject","inLanguage":"pl-PL","@id":"https:\/\/pans.krosno.pl\/5glab\/2025\/03\/19\/udzial-pans-w-krosnie-w-walnym-zgromadzeniu-klastra-technologii-kosmicznej\/#primaryimage","url":"https:\/\/pans.krosno.pl\/5glab\/wp-content\/uploads\/sites\/66\/2025\/09\/Bez-nazwy-1.png","contentUrl":"https:\/\/pans.krosno.pl\/5glab\/wp-content\/uploads\/sites\/66\/2025\/09\/Bez-nazwy-1.png","width":820,"height":528},{"@type":"BreadcrumbList","@id":"https:\/\/pans.krosno.pl\/5glab\/2025\/03\/19\/udzial-pans-w-krosnie-w-walnym-zgromadzeniu-klastra-technologii-kosmicznej\/#breadcrumb","itemListElement":[{"@type":"ListItem","position":1,"name":"Strona g\u0142\u00f3wna","item":"https:\/\/pans.krosno.pl\/5glab\/"},{"@type":"ListItem","position":2,"name":"Wydarzenia 5G Lab","item":"https:\/\/pans.krosno.pl\/5glab\/category\/5g\/"},{"@type":"ListItem","position":3,"name":"Udzia\u0142 PANS w Kro\u015bnie w Walnym Zgromadzeniu Klastra Technologii Kosmicznej"}]},{"@type":"WebSite","@id":"https:\/\/pans.krosno.pl\/5glab\/#website","url":"https:\/\/pans.krosno.pl\/5glab\/","name":"PANS w Kro\u015bnie","description":"","publisher":{"@id":"https:\/\/pans.krosno.pl\/5glab\/#organization"},"alternateName":"PANS Krosno","potentialAction":[{"@type":"SearchAction","target":{"@type":"EntryPoint","urlTemplate":"https:\/\/pans.krosno.pl\/5glab\/?s={search_term_string}"},"query-input":{"@type":"PropertyValueSpecification","valueRequired":true,"valueName":"search_term_string"}}],"inLanguage":"pl-PL"},{"@type":"Organization","@id":"https:\/\/pans.krosno.pl\/5glab\/#organization","name":"Pa\u0144stwowa Akademia Nauk Stosowanych w Kro\u015bnie","alternateName":"PANS Krosno","url":"https:\/\/pans.krosno.pl\/5glab\/","logo":{"@type":"ImageObject","inLanguage":"pl-PL","@id":"https:\/\/pans.krosno.pl\/5glab\/#\/schema\/logo\/image\/","url":"https:\/\/pans.krosno.pl\/wp-content\/uploads\/2023\/01\/Logo-PANS-2022-pelne-2-scaled.jpg","contentUrl":"https:\/\/pans.krosno.pl\/wp-content\/uploads\/2023\/01\/Logo-PANS-2022-pelne-2-scaled.jpg","width":2560,"height":576,"caption":"Pa\u0144stwowa Akademia Nauk Stosowanych w Kro\u015bnie"},"image":{"@id":"https:\/\/pans.krosno.pl\/5glab\/#\/schema\/logo\/image\/"},"sameAs":["https:\/\/www.facebook.com\/StudiaKrosno\/","https:\/\/www.instagram.com\/pans.krosno\/","https:\/\/pl.linkedin.com\/company\/pwsz-krosno","https:\/\/www.youtube.com\/user\/pwszkrosno\/","https:\/\/pl.wikipedia.org\/wiki\/Pa\u0144stwowa_Wy\u017csza_Szko\u0142a_Zawodowa_im._Stanis\u0142awa_Pigonia_w_Kro\u015bnie"]},{"@type":"Person","@id":"https:\/\/pans.krosno.pl\/5glab\/#\/schema\/person\/6fdc2f086448977aedd1a17fb2d90220","name":"damianprzybyla","image":{"@type":"ImageObject","inLanguage":"pl-PL","@id":"https:\/\/secure.gravatar.com\/avatar\/5b15e3b0f679a391a5b1f218e1ddfd13e97c937a0425276e3ecb78554257f26e?s=96&d=mm&r=g","url":"https:\/\/secure.gravatar.com\/avatar\/5b15e3b0f679a391a5b1f218e1ddfd13e97c937a0425276e3ecb78554257f26e?s=96&d=mm&r=g","contentUrl":"https:\/\/secure.gravatar.com\/avatar\/5b15e3b0f679a391a5b1f218e1ddfd13e97c937a0425276e3ecb78554257f26e?s=96&d=mm&r=g","caption":"damianprzybyla"},"url":"https:\/\/pans.krosno.pl\/5glab\/author\/damianprzybyla\/"}]}},"_links":{"self":[{"href":"https:\/\/pans.krosno.pl\/5glab\/wp-json\/wp\/v2\/posts\/340","targetHints":{"allow":["GET"]}}],"collection":[{"href":"https:\/\/pans.krosno.pl\/5glab\/wp-json\/wp\/v2\/posts"}],"about":[{"href":"https:\/\/pans.krosno.pl\/5glab\/wp-json\/wp\/v2\/types\/post"}],"author":[{"embeddable":true,"href":"https:\/\/pans.krosno.pl\/5glab\/wp-json\/wp\/v2\/users\/100"}],"replies":[{"embeddable":true,"href":"https:\/\/pans.krosno.pl\/5glab\/wp-json\/wp\/v2\/comments?post=340"}],"version-history":[{"count":1,"href":"https:\/\/pans.krosno.pl\/5glab\/wp-json\/wp\/v2\/posts\/340\/revisions"}],"predecessor-version":[{"id":342,"href":"https:\/\/pans.krosno.pl\/5glab\/wp-json\/wp\/v2\/posts\/340\/revisions\/342"}],"wp:featuredmedia":[{"embeddable":true,"href":"https:\/\/pans.krosno.pl\/5glab\/wp-json\/wp\/v2\/media\/341"}],"wp:attachment":[{"href":"https:\/\/pans.krosno.pl\/5glab\/wp-json\/wp\/v2\/media?parent=340"}],"wp:term":[{"taxonomy":"category","embeddable":true,"href":"https:\/\/pans.krosno.pl\/5glab\/wp-json\/wp\/v2\/categories?post=340"},{"taxonomy":"post_tag","embeddable":true,"href":"https:\/\/pans.krosno.pl\/5glab\/wp-json\/wp\/v2\/tags?post=340"}],"curies":[{"name":"wp","href":"https:\/\/api.w.org\/{rel}","templated":true}]}}