{"id":319,"date":"2025-06-11T18:00:00","date_gmt":"2025-06-11T17:00:00","guid":{"rendered":"https:\/\/pans.krosno.pl\/5glab\/?p=319"},"modified":"2025-09-01T14:20:12","modified_gmt":"2025-09-01T13:20:12","slug":"wizyta-prof-marka-gzika-wiceministra-nauki-i-szkolnictwa-wyzszego-w-pans-w-krosnie","status":"publish","type":"post","link":"https:\/\/pans.krosno.pl\/5glab\/2025\/06\/11\/wizyta-prof-marka-gzika-wiceministra-nauki-i-szkolnictwa-wyzszego-w-pans-w-krosnie\/","title":{"rendered":"Wizyta prof. Marka Gzika Wiceministra Nauki i Szkolnictwa Wy\u017cszego w PANS w Kro\u015bnie"},"content":{"rendered":"\n<p>Pa\u0144stwowa Akademia Nauk Stosowanych w Kro\u015bnie mia\u0142a zaszczyt go\u015bci\u0107 prof. dr. hab. in\u017c. Marka Gzika, Wiceministra Nauki i Szkolnictwa Wy\u017cszego oraz Pani\u0105 Joann\u0119 Frydrych Pos\u0142ank\u0119 na Sejm RP, w ramach og\u00f3lnopolskiego cyklu spotka\u0144 pn.&nbsp;<strong>\u201ePorozmawiajmy o polskiej nauce\u201d<\/strong>. By\u0142o to ju\u017c trzynaste wydarzenie w ramach tej inicjatywy, a zarazem pierwsze zorganizowane na uczelni zawodowej.<\/p>\n\n\n\n<figure class=\"wp-block-image\"><img decoding=\"async\" src=\"https:\/\/pans.krosno.pl\/wp-content\/uploads\/2025\/06\/MRO08010-1024x682.jpg\" alt=\"\" class=\"wp-image-58096\"\/><\/figure>\n\n\n\n<p>W spotkaniu, kt\u00f3re odby\u0142o si\u0119 w dniu 10 czerwca br., w laboratorium 5G LAB, udzia\u0142 wzi\u0119li:<br>prof. Zbigniew Barabasz&nbsp;<strong>\u2013&nbsp;<\/strong>Rektor PANS w Kro\u015bnie<br>dr Agnieszka Wo\u017aniak<strong>&nbsp;\u2013&nbsp;<\/strong>Prorektor ds. rozwoju<br>dr Krzysztof Fr\u0105czek \u2013 Prorektor ds. studi\u00f3w<br>mgr Franciszek Tereszkiewicz \u2013 Kanclerz<br>Pan Piotr Przytocki \u2013 Prezydent Miasta Krosna<\/p>\n\n\n\n<p>a tak\u017ce przedstawiciele \u015brodowisk naukowych i gospodarczych regionu:<strong><br><\/strong>Pani Aleksandra Sanocka-Gierek \u2013 Dyrektor Finansowy SPLAST Sp. z o.o., Cz\u0142onkini Rady Uczelni<br>Pan Pawe\u0142 Panasiuk \u2013 Wiceprezes Zarz\u0105du INNERGO, Cz\u0142onek Rady Uczelni<br>Pan Zdzis\u0142aw Syzdek \u2013 Cz\u0142onek Zarz\u0105du MPGK Krosno \u2013 Kro\u015bnie\u0144ski Holding Komunalny<br>Pan Tomasz \u017b\u00f3\u0142ko\u015b<strong>&nbsp;<\/strong>\u2013 Prezes Zarz\u0105du firmy DEfENDER Sp. z o.o.<br>Pan Krzysztof Borowicz \u2013 Prezes Zarz\u0105du Kro\u015bnie\u0144skiego Inkubatora Technologicznego KRINTECH<\/p>\n\n\n\n<p>oraz cz\u0142onkowie spo\u0142eczno\u015bci akademickiej: wyk\u0142adowcy i studenci PANS Krosno.<\/p>\n\n\n\n<figure class=\"wp-block-image\"><img decoding=\"async\" src=\"https:\/\/pans.krosno.pl\/wp-content\/uploads\/2025\/06\/DSCF8190-1024x683.jpg\" alt=\"\" class=\"wp-image-58097\"\/><\/figure>\n\n\n\n<p>Podczas dyskusji poruszono najistotniejsze zagadnienia zwi\u0105zane z rozwojem nauki i szkolnictwa wy\u017cszego w Polsce, tj. planowane zmiany legislacyjne oraz aktualizacj\u0119 systemu oceny dzia\u0142alno\u015bci naukowej.<\/p>\n\n\n\n<p>W trakcie swojego wyst\u0105pienia prof. Gzik zaznaczy\u0142, \u017ce ka\u017cda uczelnia \u2013 niezale\u017cnie od wielko\u015bci \u2013 odgrywa kluczow\u0105 rol\u0119 w rozwoju lokalnym i regionalnym. Wskaza\u0142 na Podkarpacie jako region o wysokim potencjale, gdzie nauka i przemys\u0142 powinny wsp\u00f3\u0142dzia\u0142a\u0107 jeszcze \u015bci\u015blej. Doda\u0142, \u017ce uczelnie takie jak PANS w Kro\u015bnie s\u0105 wa\u017cnym elementem systemu edukacji wy\u017cszej i nale\u017cy je wspiera\u0107 zar\u00f3wno finansowo, jak i legislacyjnie.<\/p>\n\n\n\n<figure class=\"wp-block-image\"><img decoding=\"async\" src=\"https:\/\/pans.krosno.pl\/wp-content\/uploads\/2025\/06\/DSCF8548-1024x683.jpg\" alt=\"\" class=\"wp-image-58098\"\/><\/figure>\n\n\n\n<p>Wizyta zako\u0144czy\u0142a si\u0119 otwart\u0105 dyskusj\u0105, w kt\u00f3rej aktywnie uczestniczyli wyk\u0142adowcy, zaproszeni go\u015bcie oraz studenci. Poruszono wa\u017cne kwestie dotycz\u0105ce przysz\u0142o\u015bci edukacji, finansowania nauki oraz mo\u017cliwo\u015bci rozwoju zawodowego m\u0142odych badaczy, kt\u00f3re mog\u0105 by\u0107 uwzgl\u0119dnione w tocz\u0105cych si\u0119 pracach nad nowelizacj\u0105 ustawy \u201ePrawo o szkolnictwie wy\u017cszym i nauce\u201d.<\/p>\n\n\n\n<figure class=\"wp-block-image\"><img decoding=\"async\" src=\"https:\/\/pans.krosno.pl\/wp-content\/uploads\/2025\/06\/DSCF9232-1024x683.jpg\" alt=\"\" class=\"wp-image-58099\"\/><\/figure>\n\n\n\n<figure class=\"wp-block-gallery has-nested-images columns-default is-cropped wp-block-gallery-1 is-layout-flex wp-block-gallery-is-layout-flex\">\n<figure class=\"wp-block-image size-large\"><img loading=\"lazy\" decoding=\"async\" width=\"1024\" height=\"683\" data-id=\"325\" src=\"https:\/\/pans.krosno.pl\/5glab\/wp-content\/uploads\/sites\/66\/2025\/09\/DSCF7930-1024x683.jpg\" alt=\"\" class=\"wp-image-325\" srcset=\"https:\/\/pans.krosno.pl\/5glab\/wp-content\/uploads\/sites\/66\/2025\/09\/DSCF7930-1024x683.jpg 1024w, https:\/\/pans.krosno.pl\/5glab\/wp-content\/uploads\/sites\/66\/2025\/09\/DSCF7930-300x200.jpg 300w, https:\/\/pans.krosno.pl\/5glab\/wp-content\/uploads\/sites\/66\/2025\/09\/DSCF7930-768x512.jpg 768w, https:\/\/pans.krosno.pl\/5glab\/wp-content\/uploads\/sites\/66\/2025\/09\/DSCF7930-1536x1024.jpg 1536w, https:\/\/pans.krosno.pl\/5glab\/wp-content\/uploads\/sites\/66\/2025\/09\/DSCF7930-800x533.jpg 800w, https:\/\/pans.krosno.pl\/5glab\/wp-content\/uploads\/sites\/66\/2025\/09\/DSCF7930-580x387.jpg 580w, https:\/\/pans.krosno.pl\/5glab\/wp-content\/uploads\/sites\/66\/2025\/09\/DSCF7930.jpg 1800w\" sizes=\"auto, (max-width: 1024px) 100vw, 1024px\" \/><\/figure>\n\n\n\n<figure class=\"wp-block-image size-large\"><img loading=\"lazy\" decoding=\"async\" width=\"1024\" height=\"683\" data-id=\"321\" src=\"https:\/\/pans.krosno.pl\/5glab\/wp-content\/uploads\/sites\/66\/2025\/09\/DSCF7941-1024x683.jpg\" alt=\"\" class=\"wp-image-321\" srcset=\"https:\/\/pans.krosno.pl\/5glab\/wp-content\/uploads\/sites\/66\/2025\/09\/DSCF7941-1024x683.jpg 1024w, https:\/\/pans.krosno.pl\/5glab\/wp-content\/uploads\/sites\/66\/2025\/09\/DSCF7941-300x200.jpg 300w, https:\/\/pans.krosno.pl\/5glab\/wp-content\/uploads\/sites\/66\/2025\/09\/DSCF7941-768x512.jpg 768w, https:\/\/pans.krosno.pl\/5glab\/wp-content\/uploads\/sites\/66\/2025\/09\/DSCF7941-1536x1024.jpg 1536w, https:\/\/pans.krosno.pl\/5glab\/wp-content\/uploads\/sites\/66\/2025\/09\/DSCF7941-800x533.jpg 800w, https:\/\/pans.krosno.pl\/5glab\/wp-content\/uploads\/sites\/66\/2025\/09\/DSCF7941-580x387.jpg 580w, https:\/\/pans.krosno.pl\/5glab\/wp-content\/uploads\/sites\/66\/2025\/09\/DSCF7941.jpg 1800w\" sizes=\"auto, (max-width: 1024px) 100vw, 1024px\" \/><\/figure>\n\n\n\n<figure class=\"wp-block-image size-large\"><img loading=\"lazy\" decoding=\"async\" width=\"1024\" height=\"683\" data-id=\"322\" src=\"https:\/\/pans.krosno.pl\/5glab\/wp-content\/uploads\/sites\/66\/2025\/09\/DSCF7959-1024x683.jpg\" alt=\"\" class=\"wp-image-322\" srcset=\"https:\/\/pans.krosno.pl\/5glab\/wp-content\/uploads\/sites\/66\/2025\/09\/DSCF7959-1024x683.jpg 1024w, https:\/\/pans.krosno.pl\/5glab\/wp-content\/uploads\/sites\/66\/2025\/09\/DSCF7959-300x200.jpg 300w, https:\/\/pans.krosno.pl\/5glab\/wp-content\/uploads\/sites\/66\/2025\/09\/DSCF7959-768x512.jpg 768w, https:\/\/pans.krosno.pl\/5glab\/wp-content\/uploads\/sites\/66\/2025\/09\/DSCF7959-1536x1024.jpg 1536w, https:\/\/pans.krosno.pl\/5glab\/wp-content\/uploads\/sites\/66\/2025\/09\/DSCF7959-800x533.jpg 800w, https:\/\/pans.krosno.pl\/5glab\/wp-content\/uploads\/sites\/66\/2025\/09\/DSCF7959-580x387.jpg 580w, https:\/\/pans.krosno.pl\/5glab\/wp-content\/uploads\/sites\/66\/2025\/09\/DSCF7959.jpg 1800w\" sizes=\"auto, (max-width: 1024px) 100vw, 1024px\" \/><\/figure>\n\n\n\n<figure class=\"wp-block-image size-large\"><img loading=\"lazy\" decoding=\"async\" width=\"1024\" height=\"683\" data-id=\"320\" src=\"https:\/\/pans.krosno.pl\/5glab\/wp-content\/uploads\/sites\/66\/2025\/09\/DSCF8010-1024x683.jpg\" alt=\"\" class=\"wp-image-320\" srcset=\"https:\/\/pans.krosno.pl\/5glab\/wp-content\/uploads\/sites\/66\/2025\/09\/DSCF8010-1024x683.jpg 1024w, https:\/\/pans.krosno.pl\/5glab\/wp-content\/uploads\/sites\/66\/2025\/09\/DSCF8010-300x200.jpg 300w, https:\/\/pans.krosno.pl\/5glab\/wp-content\/uploads\/sites\/66\/2025\/09\/DSCF8010-768x512.jpg 768w, https:\/\/pans.krosno.pl\/5glab\/wp-content\/uploads\/sites\/66\/2025\/09\/DSCF8010-1536x1024.jpg 1536w, https:\/\/pans.krosno.pl\/5glab\/wp-content\/uploads\/sites\/66\/2025\/09\/DSCF8010-800x533.jpg 800w, https:\/\/pans.krosno.pl\/5glab\/wp-content\/uploads\/sites\/66\/2025\/09\/DSCF8010-580x387.jpg 580w, https:\/\/pans.krosno.pl\/5glab\/wp-content\/uploads\/sites\/66\/2025\/09\/DSCF8010.jpg 1800w\" sizes=\"auto, (max-width: 1024px) 100vw, 1024px\" \/><\/figure>\n\n\n\n<figure class=\"wp-block-image size-large\"><img loading=\"lazy\" decoding=\"async\" width=\"1024\" height=\"683\" data-id=\"323\" src=\"https:\/\/pans.krosno.pl\/5glab\/wp-content\/uploads\/sites\/66\/2025\/09\/DSCF8031-1024x683.jpg\" alt=\"\" class=\"wp-image-323\" srcset=\"https:\/\/pans.krosno.pl\/5glab\/wp-content\/uploads\/sites\/66\/2025\/09\/DSCF8031-1024x683.jpg 1024w, https:\/\/pans.krosno.pl\/5glab\/wp-content\/uploads\/sites\/66\/2025\/09\/DSCF8031-300x200.jpg 300w, https:\/\/pans.krosno.pl\/5glab\/wp-content\/uploads\/sites\/66\/2025\/09\/DSCF8031-768x512.jpg 768w, https:\/\/pans.krosno.pl\/5glab\/wp-content\/uploads\/sites\/66\/2025\/09\/DSCF8031-1536x1024.jpg 1536w, https:\/\/pans.krosno.pl\/5glab\/wp-content\/uploads\/sites\/66\/2025\/09\/DSCF8031-800x533.jpg 800w, https:\/\/pans.krosno.pl\/5glab\/wp-content\/uploads\/sites\/66\/2025\/09\/DSCF8031-580x387.jpg 580w, https:\/\/pans.krosno.pl\/5glab\/wp-content\/uploads\/sites\/66\/2025\/09\/DSCF8031.jpg 1800w\" sizes=\"auto, (max-width: 1024px) 100vw, 1024px\" \/><\/figure>\n\n\n\n<figure class=\"wp-block-image size-large\"><img loading=\"lazy\" decoding=\"async\" width=\"1024\" height=\"683\" data-id=\"324\" src=\"https:\/\/pans.krosno.pl\/5glab\/wp-content\/uploads\/sites\/66\/2025\/09\/DSCF8045-1024x683.jpg\" alt=\"\" class=\"wp-image-324\" srcset=\"https:\/\/pans.krosno.pl\/5glab\/wp-content\/uploads\/sites\/66\/2025\/09\/DSCF8045-1024x683.jpg 1024w, https:\/\/pans.krosno.pl\/5glab\/wp-content\/uploads\/sites\/66\/2025\/09\/DSCF8045-300x200.jpg 300w, https:\/\/pans.krosno.pl\/5glab\/wp-content\/uploads\/sites\/66\/2025\/09\/DSCF8045-768x512.jpg 768w, https:\/\/pans.krosno.pl\/5glab\/wp-content\/uploads\/sites\/66\/2025\/09\/DSCF8045-1536x1024.jpg 1536w, https:\/\/pans.krosno.pl\/5glab\/wp-content\/uploads\/sites\/66\/2025\/09\/DSCF8045-800x533.jpg 800w, https:\/\/pans.krosno.pl\/5glab\/wp-content\/uploads\/sites\/66\/2025\/09\/DSCF8045-580x387.jpg 580w, https:\/\/pans.krosno.pl\/5glab\/wp-content\/uploads\/sites\/66\/2025\/09\/DSCF8045.jpg 1800w\" sizes=\"auto, (max-width: 1024px) 100vw, 1024px\" \/><\/figure>\n\n\n\n<figure class=\"wp-block-image size-large\"><img loading=\"lazy\" decoding=\"async\" width=\"1024\" height=\"683\" data-id=\"326\" src=\"https:\/\/pans.krosno.pl\/5glab\/wp-content\/uploads\/sites\/66\/2025\/09\/DSCF8057-1024x683.jpg\" alt=\"\" class=\"wp-image-326\" srcset=\"https:\/\/pans.krosno.pl\/5glab\/wp-content\/uploads\/sites\/66\/2025\/09\/DSCF8057-1024x683.jpg 1024w, https:\/\/pans.krosno.pl\/5glab\/wp-content\/uploads\/sites\/66\/2025\/09\/DSCF8057-300x200.jpg 300w, https:\/\/pans.krosno.pl\/5glab\/wp-content\/uploads\/sites\/66\/2025\/09\/DSCF8057-768x512.jpg 768w, https:\/\/pans.krosno.pl\/5glab\/wp-content\/uploads\/sites\/66\/2025\/09\/DSCF8057-1536x1024.jpg 1536w, https:\/\/pans.krosno.pl\/5glab\/wp-content\/uploads\/sites\/66\/2025\/09\/DSCF8057-800x533.jpg 800w, https:\/\/pans.krosno.pl\/5glab\/wp-content\/uploads\/sites\/66\/2025\/09\/DSCF8057-580x387.jpg 580w, https:\/\/pans.krosno.pl\/5glab\/wp-content\/uploads\/sites\/66\/2025\/09\/DSCF8057.jpg 1800w\" sizes=\"auto, (max-width: 1024px) 100vw, 1024px\" \/><\/figure>\n\n\n\n<figure class=\"wp-block-image size-large\"><img loading=\"lazy\" decoding=\"async\" width=\"1024\" height=\"683\" data-id=\"327\" src=\"https:\/\/pans.krosno.pl\/5glab\/wp-content\/uploads\/sites\/66\/2025\/09\/DSCF8117-1024x683.jpg\" alt=\"\" class=\"wp-image-327\" srcset=\"https:\/\/pans.krosno.pl\/5glab\/wp-content\/uploads\/sites\/66\/2025\/09\/DSCF8117-1024x683.jpg 1024w, https:\/\/pans.krosno.pl\/5glab\/wp-content\/uploads\/sites\/66\/2025\/09\/DSCF8117-300x200.jpg 300w, https:\/\/pans.krosno.pl\/5glab\/wp-content\/uploads\/sites\/66\/2025\/09\/DSCF8117-768x512.jpg 768w, https:\/\/pans.krosno.pl\/5glab\/wp-content\/uploads\/sites\/66\/2025\/09\/DSCF8117-1536x1024.jpg 1536w, https:\/\/pans.krosno.pl\/5glab\/wp-content\/uploads\/sites\/66\/2025\/09\/DSCF8117-800x533.jpg 800w, https:\/\/pans.krosno.pl\/5glab\/wp-content\/uploads\/sites\/66\/2025\/09\/DSCF8117-580x387.jpg 580w, https:\/\/pans.krosno.pl\/5glab\/wp-content\/uploads\/sites\/66\/2025\/09\/DSCF8117.jpg 1800w\" sizes=\"auto, (max-width: 1024px) 100vw, 1024px\" \/><\/figure>\n\n\n\n<figure class=\"wp-block-image size-large\"><img loading=\"lazy\" decoding=\"async\" width=\"1024\" height=\"683\" data-id=\"328\" src=\"https:\/\/pans.krosno.pl\/5glab\/wp-content\/uploads\/sites\/66\/2025\/09\/DSCF8125-1024x683.jpg\" alt=\"\" class=\"wp-image-328\" srcset=\"https:\/\/pans.krosno.pl\/5glab\/wp-content\/uploads\/sites\/66\/2025\/09\/DSCF8125-1024x683.jpg 1024w, https:\/\/pans.krosno.pl\/5glab\/wp-content\/uploads\/sites\/66\/2025\/09\/DSCF8125-300x200.jpg 300w, https:\/\/pans.krosno.pl\/5glab\/wp-content\/uploads\/sites\/66\/2025\/09\/DSCF8125-768x512.jpg 768w, https:\/\/pans.krosno.pl\/5glab\/wp-content\/uploads\/sites\/66\/2025\/09\/DSCF8125-1536x1024.jpg 1536w, https:\/\/pans.krosno.pl\/5glab\/wp-content\/uploads\/sites\/66\/2025\/09\/DSCF8125-800x533.jpg 800w, https:\/\/pans.krosno.pl\/5glab\/wp-content\/uploads\/sites\/66\/2025\/09\/DSCF8125-580x387.jpg 580w, https:\/\/pans.krosno.pl\/5glab\/wp-content\/uploads\/sites\/66\/2025\/09\/DSCF8125.jpg 1800w\" sizes=\"auto, (max-width: 1024px) 100vw, 1024px\" \/><\/figure>\n\n\n\n<figure class=\"wp-block-image size-large\"><img loading=\"lazy\" decoding=\"async\" width=\"1024\" height=\"683\" data-id=\"329\" src=\"https:\/\/pans.krosno.pl\/5glab\/wp-content\/uploads\/sites\/66\/2025\/09\/DSCF8194-1024x683.jpg\" alt=\"\" class=\"wp-image-329\" srcset=\"https:\/\/pans.krosno.pl\/5glab\/wp-content\/uploads\/sites\/66\/2025\/09\/DSCF8194-1024x683.jpg 1024w, https:\/\/pans.krosno.pl\/5glab\/wp-content\/uploads\/sites\/66\/2025\/09\/DSCF8194-300x200.jpg 300w, https:\/\/pans.krosno.pl\/5glab\/wp-content\/uploads\/sites\/66\/2025\/09\/DSCF8194-768x512.jpg 768w, https:\/\/pans.krosno.pl\/5glab\/wp-content\/uploads\/sites\/66\/2025\/09\/DSCF8194-1536x1024.jpg 1536w, https:\/\/pans.krosno.pl\/5glab\/wp-content\/uploads\/sites\/66\/2025\/09\/DSCF8194-800x533.jpg 800w, https:\/\/pans.krosno.pl\/5glab\/wp-content\/uploads\/sites\/66\/2025\/09\/DSCF8194-580x387.jpg 580w, https:\/\/pans.krosno.pl\/5glab\/wp-content\/uploads\/sites\/66\/2025\/09\/DSCF8194.jpg 1800w\" sizes=\"auto, (max-width: 1024px) 100vw, 1024px\" \/><\/figure>\n\n\n\n<figure class=\"wp-block-image size-large\"><img loading=\"lazy\" decoding=\"async\" width=\"1024\" height=\"683\" data-id=\"330\" src=\"https:\/\/pans.krosno.pl\/5glab\/wp-content\/uploads\/sites\/66\/2025\/09\/DSCF8548-1024x683.jpg\" alt=\"\" class=\"wp-image-330\" srcset=\"https:\/\/pans.krosno.pl\/5glab\/wp-content\/uploads\/sites\/66\/2025\/09\/DSCF8548-1024x683.jpg 1024w, https:\/\/pans.krosno.pl\/5glab\/wp-content\/uploads\/sites\/66\/2025\/09\/DSCF8548-300x200.jpg 300w, https:\/\/pans.krosno.pl\/5glab\/wp-content\/uploads\/sites\/66\/2025\/09\/DSCF8548-768x512.jpg 768w, https:\/\/pans.krosno.pl\/5glab\/wp-content\/uploads\/sites\/66\/2025\/09\/DSCF8548-1536x1024.jpg 1536w, https:\/\/pans.krosno.pl\/5glab\/wp-content\/uploads\/sites\/66\/2025\/09\/DSCF8548-800x533.jpg 800w, https:\/\/pans.krosno.pl\/5glab\/wp-content\/uploads\/sites\/66\/2025\/09\/DSCF8548-580x387.jpg 580w, https:\/\/pans.krosno.pl\/5glab\/wp-content\/uploads\/sites\/66\/2025\/09\/DSCF8548.jpg 1800w\" sizes=\"auto, (max-width: 1024px) 100vw, 1024px\" \/><\/figure>\n\n\n\n<figure class=\"wp-block-image size-large\"><img loading=\"lazy\" decoding=\"async\" width=\"1024\" height=\"683\" data-id=\"331\" src=\"https:\/\/pans.krosno.pl\/5glab\/wp-content\/uploads\/sites\/66\/2025\/09\/DSCF8607-1024x683.jpg\" alt=\"\" class=\"wp-image-331\" srcset=\"https:\/\/pans.krosno.pl\/5glab\/wp-content\/uploads\/sites\/66\/2025\/09\/DSCF8607-1024x683.jpg 1024w, https:\/\/pans.krosno.pl\/5glab\/wp-content\/uploads\/sites\/66\/2025\/09\/DSCF8607-300x200.jpg 300w, https:\/\/pans.krosno.pl\/5glab\/wp-content\/uploads\/sites\/66\/2025\/09\/DSCF8607-768x512.jpg 768w, https:\/\/pans.krosno.pl\/5glab\/wp-content\/uploads\/sites\/66\/2025\/09\/DSCF8607-1536x1024.jpg 1536w, https:\/\/pans.krosno.pl\/5glab\/wp-content\/uploads\/sites\/66\/2025\/09\/DSCF8607-800x533.jpg 800w, https:\/\/pans.krosno.pl\/5glab\/wp-content\/uploads\/sites\/66\/2025\/09\/DSCF8607-580x387.jpg 580w, https:\/\/pans.krosno.pl\/5glab\/wp-content\/uploads\/sites\/66\/2025\/09\/DSCF8607.jpg 1800w\" sizes=\"auto, (max-width: 1024px) 100vw, 1024px\" \/><\/figure>\n\n\n\n<figure class=\"wp-block-image size-large\"><img loading=\"lazy\" decoding=\"async\" width=\"1024\" height=\"683\" data-id=\"332\" src=\"https:\/\/pans.krosno.pl\/5glab\/wp-content\/uploads\/sites\/66\/2025\/09\/DSCF8617-1024x683.jpg\" alt=\"\" class=\"wp-image-332\" srcset=\"https:\/\/pans.krosno.pl\/5glab\/wp-content\/uploads\/sites\/66\/2025\/09\/DSCF8617-1024x683.jpg 1024w, https:\/\/pans.krosno.pl\/5glab\/wp-content\/uploads\/sites\/66\/2025\/09\/DSCF8617-300x200.jpg 300w, https:\/\/pans.krosno.pl\/5glab\/wp-content\/uploads\/sites\/66\/2025\/09\/DSCF8617-768x512.jpg 768w, https:\/\/pans.krosno.pl\/5glab\/wp-content\/uploads\/sites\/66\/2025\/09\/DSCF8617-1536x1024.jpg 1536w, https:\/\/pans.krosno.pl\/5glab\/wp-content\/uploads\/sites\/66\/2025\/09\/DSCF8617-800x533.jpg 800w, https:\/\/pans.krosno.pl\/5glab\/wp-content\/uploads\/sites\/66\/2025\/09\/DSCF8617-580x387.jpg 580w, https:\/\/pans.krosno.pl\/5glab\/wp-content\/uploads\/sites\/66\/2025\/09\/DSCF8617.jpg 1800w\" sizes=\"auto, (max-width: 1024px) 100vw, 1024px\" \/><\/figure>\n\n\n\n<figure class=\"wp-block-image size-large\"><img loading=\"lazy\" decoding=\"async\" width=\"1024\" height=\"683\" data-id=\"333\" src=\"https:\/\/pans.krosno.pl\/5glab\/wp-content\/uploads\/sites\/66\/2025\/09\/DSCF8682-1024x683.jpg\" alt=\"\" class=\"wp-image-333\" srcset=\"https:\/\/pans.krosno.pl\/5glab\/wp-content\/uploads\/sites\/66\/2025\/09\/DSCF8682-1024x683.jpg 1024w, https:\/\/pans.krosno.pl\/5glab\/wp-content\/uploads\/sites\/66\/2025\/09\/DSCF8682-300x200.jpg 300w, https:\/\/pans.krosno.pl\/5glab\/wp-content\/uploads\/sites\/66\/2025\/09\/DSCF8682-768x512.jpg 768w, https:\/\/pans.krosno.pl\/5glab\/wp-content\/uploads\/sites\/66\/2025\/09\/DSCF8682-1536x1024.jpg 1536w, https:\/\/pans.krosno.pl\/5glab\/wp-content\/uploads\/sites\/66\/2025\/09\/DSCF8682-800x533.jpg 800w, https:\/\/pans.krosno.pl\/5glab\/wp-content\/uploads\/sites\/66\/2025\/09\/DSCF8682-580x387.jpg 580w, https:\/\/pans.krosno.pl\/5glab\/wp-content\/uploads\/sites\/66\/2025\/09\/DSCF8682.jpg 1800w\" sizes=\"auto, (max-width: 1024px) 100vw, 1024px\" \/><\/figure>\n\n\n\n<figure class=\"wp-block-image size-large\"><img loading=\"lazy\" decoding=\"async\" width=\"1024\" height=\"683\" data-id=\"334\" src=\"https:\/\/pans.krosno.pl\/5glab\/wp-content\/uploads\/sites\/66\/2025\/09\/DSCF8694-1024x683.jpg\" alt=\"\" class=\"wp-image-334\" srcset=\"https:\/\/pans.krosno.pl\/5glab\/wp-content\/uploads\/sites\/66\/2025\/09\/DSCF8694-1024x683.jpg 1024w, https:\/\/pans.krosno.pl\/5glab\/wp-content\/uploads\/sites\/66\/2025\/09\/DSCF8694-300x200.jpg 300w, https:\/\/pans.krosno.pl\/5glab\/wp-content\/uploads\/sites\/66\/2025\/09\/DSCF8694-768x512.jpg 768w, https:\/\/pans.krosno.pl\/5glab\/wp-content\/uploads\/sites\/66\/2025\/09\/DSCF8694-1536x1024.jpg 1536w, https:\/\/pans.krosno.pl\/5glab\/wp-content\/uploads\/sites\/66\/2025\/09\/DSCF8694-800x533.jpg 800w, https:\/\/pans.krosno.pl\/5glab\/wp-content\/uploads\/sites\/66\/2025\/09\/DSCF8694-580x387.jpg 580w, https:\/\/pans.krosno.pl\/5glab\/wp-content\/uploads\/sites\/66\/2025\/09\/DSCF8694.jpg 1800w\" sizes=\"auto, (max-width: 1024px) 100vw, 1024px\" \/><\/figure>\n\n\n\n<figure class=\"wp-block-image size-large\"><img loading=\"lazy\" decoding=\"async\" width=\"1024\" height=\"683\" data-id=\"335\" src=\"https:\/\/pans.krosno.pl\/5glab\/wp-content\/uploads\/sites\/66\/2025\/09\/DSCF8746-1024x683.jpg\" alt=\"\" class=\"wp-image-335\" srcset=\"https:\/\/pans.krosno.pl\/5glab\/wp-content\/uploads\/sites\/66\/2025\/09\/DSCF8746-1024x683.jpg 1024w, https:\/\/pans.krosno.pl\/5glab\/wp-content\/uploads\/sites\/66\/2025\/09\/DSCF8746-300x200.jpg 300w, https:\/\/pans.krosno.pl\/5glab\/wp-content\/uploads\/sites\/66\/2025\/09\/DSCF8746-768x512.jpg 768w, https:\/\/pans.krosno.pl\/5glab\/wp-content\/uploads\/sites\/66\/2025\/09\/DSCF8746-1536x1024.jpg 1536w, https:\/\/pans.krosno.pl\/5glab\/wp-content\/uploads\/sites\/66\/2025\/09\/DSCF8746-800x533.jpg 800w, https:\/\/pans.krosno.pl\/5glab\/wp-content\/uploads\/sites\/66\/2025\/09\/DSCF8746-580x387.jpg 580w, https:\/\/pans.krosno.pl\/5glab\/wp-content\/uploads\/sites\/66\/2025\/09\/DSCF8746.jpg 1800w\" sizes=\"auto, (max-width: 1024px) 100vw, 1024px\" \/><\/figure>\n\n\n\n<figure class=\"wp-block-image size-large\"><img loading=\"lazy\" decoding=\"async\" width=\"1024\" height=\"683\" data-id=\"337\" src=\"https:\/\/pans.krosno.pl\/5glab\/wp-content\/uploads\/sites\/66\/2025\/09\/DSCF9015-1024x683.jpg\" alt=\"\" class=\"wp-image-337\" srcset=\"https:\/\/pans.krosno.pl\/5glab\/wp-content\/uploads\/sites\/66\/2025\/09\/DSCF9015-1024x683.jpg 1024w, https:\/\/pans.krosno.pl\/5glab\/wp-content\/uploads\/sites\/66\/2025\/09\/DSCF9015-300x200.jpg 300w, https:\/\/pans.krosno.pl\/5glab\/wp-content\/uploads\/sites\/66\/2025\/09\/DSCF9015-768x512.jpg 768w, https:\/\/pans.krosno.pl\/5glab\/wp-content\/uploads\/sites\/66\/2025\/09\/DSCF9015-1536x1024.jpg 1536w, https:\/\/pans.krosno.pl\/5glab\/wp-content\/uploads\/sites\/66\/2025\/09\/DSCF9015-800x533.jpg 800w, https:\/\/pans.krosno.pl\/5glab\/wp-content\/uploads\/sites\/66\/2025\/09\/DSCF9015-580x387.jpg 580w, https:\/\/pans.krosno.pl\/5glab\/wp-content\/uploads\/sites\/66\/2025\/09\/DSCF9015.jpg 1800w\" sizes=\"auto, (max-width: 1024px) 100vw, 1024px\" \/><\/figure>\n\n\n\n<figure class=\"wp-block-image size-large\"><img loading=\"lazy\" decoding=\"async\" width=\"1024\" height=\"683\" data-id=\"336\" src=\"https:\/\/pans.krosno.pl\/5glab\/wp-content\/uploads\/sites\/66\/2025\/09\/DSCF9143-1024x683.jpg\" alt=\"\" class=\"wp-image-336\" srcset=\"https:\/\/pans.krosno.pl\/5glab\/wp-content\/uploads\/sites\/66\/2025\/09\/DSCF9143-1024x683.jpg 1024w, https:\/\/pans.krosno.pl\/5glab\/wp-content\/uploads\/sites\/66\/2025\/09\/DSCF9143-300x200.jpg 300w, https:\/\/pans.krosno.pl\/5glab\/wp-content\/uploads\/sites\/66\/2025\/09\/DSCF9143-768x512.jpg 768w, https:\/\/pans.krosno.pl\/5glab\/wp-content\/uploads\/sites\/66\/2025\/09\/DSCF9143-1536x1024.jpg 1536w, https:\/\/pans.krosno.pl\/5glab\/wp-content\/uploads\/sites\/66\/2025\/09\/DSCF9143-800x533.jpg 800w, https:\/\/pans.krosno.pl\/5glab\/wp-content\/uploads\/sites\/66\/2025\/09\/DSCF9143-580x387.jpg 580w, https:\/\/pans.krosno.pl\/5glab\/wp-content\/uploads\/sites\/66\/2025\/09\/DSCF9143.jpg 1800w\" sizes=\"auto, (max-width: 1024px) 100vw, 1024px\" \/><\/figure>\n\n\n\n<figure class=\"wp-block-image size-large\"><img loading=\"lazy\" decoding=\"async\" width=\"1024\" height=\"683\" data-id=\"338\" src=\"https:\/\/pans.krosno.pl\/5glab\/wp-content\/uploads\/sites\/66\/2025\/09\/DSCF9232-1024x683.jpg\" alt=\"\" class=\"wp-image-338\" srcset=\"https:\/\/pans.krosno.pl\/5glab\/wp-content\/uploads\/sites\/66\/2025\/09\/DSCF9232-1024x683.jpg 1024w, https:\/\/pans.krosno.pl\/5glab\/wp-content\/uploads\/sites\/66\/2025\/09\/DSCF9232-300x200.jpg 300w, https:\/\/pans.krosno.pl\/5glab\/wp-content\/uploads\/sites\/66\/2025\/09\/DSCF9232-768x512.jpg 768w, https:\/\/pans.krosno.pl\/5glab\/wp-content\/uploads\/sites\/66\/2025\/09\/DSCF9232-1536x1024.jpg 1536w, https:\/\/pans.krosno.pl\/5glab\/wp-content\/uploads\/sites\/66\/2025\/09\/DSCF9232-800x533.jpg 800w, https:\/\/pans.krosno.pl\/5glab\/wp-content\/uploads\/sites\/66\/2025\/09\/DSCF9232-580x387.jpg 580w, https:\/\/pans.krosno.pl\/5glab\/wp-content\/uploads\/sites\/66\/2025\/09\/DSCF9232.jpg 1800w\" sizes=\"auto, (max-width: 1024px) 100vw, 1024px\" \/><\/figure>\n<\/figure>\n","protected":false},"excerpt":{"rendered":"<p>Pa\u0144stwowa Akademia Nauk Stosowanych w Kro\u015bnie mia\u0142a zaszczyt go\u015bci\u0107 prof. dr. hab. in\u017c. Marka Gzika, Wiceministra Nauki i Szkolnictwa Wy\u017cszego oraz Pani\u0105 Joann\u0119 Frydrych Pos\u0142ank\u0119 na Sejm RP, w ramach og\u00f3lnopolskiego cyklu spotka\u0144 pn.&nbsp;\u201ePorozmawiajmy o polskiej nauce\u201d. By\u0142o to ju\u017c trzynaste wydarzenie w ramach tej inicjatywy, a zarazem pierwsze zorganizowane [\u2026] <\/p>\n<div class=\"clear\"><\/div>\n<p><a class=\"more_link clearfix\" href=\"https:\/\/pans.krosno.pl\/5glab\/2025\/06\/11\/wizyta-prof-marka-gzika-wiceministra-nauki-i-szkolnictwa-wyzszego-w-pans-w-krosnie\/\" rel=\"nofollow\">Read More<\/a><\/p>\n","protected":false},"author":100,"featured_media":336,"comment_status":"open","ping_status":"open","sticky":false,"template":"","format":"standard","meta":{"ngg_post_thumbnail":0,"footnotes":""},"categories":[4],"tags":[],"class_list":["post-319","post","type-post","status-publish","format-standard","has-post-thumbnail","hentry","category-5g"],"yoast_head":"<!-- This site is optimized with the Yoast SEO Premium plugin v27.4 (Yoast SEO v27.4) - https:\/\/yoast.com\/product\/yoast-seo-premium-wordpress\/ -->\n<title>Wizyta prof. Marka Gzika Wiceministra Nauki i Szkolnictwa Wy\u017cszego w PANS w Kro\u015bnie - 5glab<\/title>\n<meta name=\"robots\" content=\"index, follow, max-snippet:-1, max-image-preview:large, max-video-preview:-1\" \/>\n<link rel=\"canonical\" href=\"https:\/\/pans.krosno.pl\/5glab\/2025\/06\/11\/wizyta-prof-marka-gzika-wiceministra-nauki-i-szkolnictwa-wyzszego-w-pans-w-krosnie\/\" \/>\n<meta property=\"og:locale\" content=\"pl_PL\" \/>\n<meta property=\"og:type\" content=\"article\" \/>\n<meta property=\"og:title\" content=\"Wizyta prof. Marka Gzika Wiceministra Nauki i Szkolnictwa Wy\u017cszego w PANS w Kro\u015bnie\" \/>\n<meta property=\"og:description\" content=\"Pa\u0144stwowa Akademia Nauk Stosowanych w Kro\u015bnie mia\u0142a zaszczyt go\u015bci\u0107 prof. dr. hab. in\u017c. Marka Gzika, Wiceministra Nauki i Szkolnictwa Wy\u017cszego oraz Pani\u0105 Joann\u0119 Frydrych Pos\u0142ank\u0119 na Sejm RP, w ramach og\u00f3lnopolskiego cyklu spotka\u0144 pn.&nbsp;\u201ePorozmawiajmy o polskiej nauce\u201d. By\u0142o to ju\u017c trzynaste wydarzenie w ramach tej inicjatywy, a zarazem pierwsze zorganizowane [\u2026] Read More\" \/>\n<meta property=\"og:url\" content=\"https:\/\/pans.krosno.pl\/5glab\/2025\/06\/11\/wizyta-prof-marka-gzika-wiceministra-nauki-i-szkolnictwa-wyzszego-w-pans-w-krosnie\/\" \/>\n<meta property=\"og:site_name\" content=\"5glab\" \/>\n<meta property=\"article:publisher\" content=\"https:\/\/www.facebook.com\/StudiaKrosno\/\" \/>\n<meta property=\"article:published_time\" content=\"2025-06-11T17:00:00+00:00\" \/>\n<meta property=\"article:modified_time\" content=\"2025-09-01T13:20:12+00:00\" \/>\n<meta property=\"og:image\" content=\"https:\/\/pans.krosno.pl\/5glab\/wp-content\/uploads\/sites\/66\/2025\/09\/DSCF9143.jpg\" \/>\n\t<meta property=\"og:image:width\" content=\"1800\" \/>\n\t<meta property=\"og:image:height\" content=\"1200\" \/>\n\t<meta property=\"og:image:type\" content=\"image\/jpeg\" \/>\n<meta name=\"author\" content=\"damianprzybyla\" \/>\n<meta name=\"twitter:card\" content=\"summary_large_image\" \/>\n<meta name=\"twitter:label1\" content=\"Napisane przez\" \/>\n\t<meta name=\"twitter:data1\" content=\"damianprzybyla\" \/>\n\t<meta name=\"twitter:label2\" content=\"Szacowany czas czytania\" \/>\n\t<meta name=\"twitter:data2\" content=\"7 minut\" \/>\n<script type=\"application\/ld+json\" class=\"yoast-schema-graph\">{\"@context\":\"https:\\\/\\\/schema.org\",\"@graph\":[{\"@type\":\"Article\",\"@id\":\"https:\\\/\\\/pans.krosno.pl\\\/5glab\\\/2025\\\/06\\\/11\\\/wizyta-prof-marka-gzika-wiceministra-nauki-i-szkolnictwa-wyzszego-w-pans-w-krosnie\\\/#article\",\"isPartOf\":{\"@id\":\"https:\\\/\\\/pans.krosno.pl\\\/5glab\\\/2025\\\/06\\\/11\\\/wizyta-prof-marka-gzika-wiceministra-nauki-i-szkolnictwa-wyzszego-w-pans-w-krosnie\\\/\"},\"author\":{\"name\":\"damianprzybyla\",\"@id\":\"https:\\\/\\\/pans.krosno.pl\\\/5glab\\\/#\\\/schema\\\/person\\\/6fdc2f086448977aedd1a17fb2d90220\"},\"headline\":\"Wizyta prof. Marka Gzika Wiceministra Nauki i Szkolnictwa Wy\u017cszego w PANS w Kro\u015bnie\",\"datePublished\":\"2025-06-11T17:00:00+00:00\",\"dateModified\":\"2025-09-01T13:20:12+00:00\",\"mainEntityOfPage\":{\"@id\":\"https:\\\/\\\/pans.krosno.pl\\\/5glab\\\/2025\\\/06\\\/11\\\/wizyta-prof-marka-gzika-wiceministra-nauki-i-szkolnictwa-wyzszego-w-pans-w-krosnie\\\/\"},\"wordCount\":374,\"commentCount\":0,\"publisher\":{\"@id\":\"https:\\\/\\\/pans.krosno.pl\\\/5glab\\\/#organization\"},\"image\":{\"@id\":\"https:\\\/\\\/pans.krosno.pl\\\/5glab\\\/2025\\\/06\\\/11\\\/wizyta-prof-marka-gzika-wiceministra-nauki-i-szkolnictwa-wyzszego-w-pans-w-krosnie\\\/#primaryimage\"},\"thumbnailUrl\":\"https:\\\/\\\/pans.krosno.pl\\\/5glab\\\/wp-content\\\/uploads\\\/sites\\\/66\\\/2025\\\/09\\\/DSCF9143.jpg\",\"articleSection\":[\"Wydarzenia 5G Lab\"],\"inLanguage\":\"pl-PL\",\"potentialAction\":[{\"@type\":\"CommentAction\",\"name\":\"Comment\",\"target\":[\"https:\\\/\\\/pans.krosno.pl\\\/5glab\\\/2025\\\/06\\\/11\\\/wizyta-prof-marka-gzika-wiceministra-nauki-i-szkolnictwa-wyzszego-w-pans-w-krosnie\\\/#respond\"]}]},{\"@type\":\"WebPage\",\"@id\":\"https:\\\/\\\/pans.krosno.pl\\\/5glab\\\/2025\\\/06\\\/11\\\/wizyta-prof-marka-gzika-wiceministra-nauki-i-szkolnictwa-wyzszego-w-pans-w-krosnie\\\/\",\"url\":\"https:\\\/\\\/pans.krosno.pl\\\/5glab\\\/2025\\\/06\\\/11\\\/wizyta-prof-marka-gzika-wiceministra-nauki-i-szkolnictwa-wyzszego-w-pans-w-krosnie\\\/\",\"name\":\"Wizyta prof. Marka Gzika Wiceministra Nauki i Szkolnictwa Wy\u017cszego w PANS w Kro\u015bnie - 5glab\",\"isPartOf\":{\"@id\":\"https:\\\/\\\/pans.krosno.pl\\\/5glab\\\/#website\"},\"primaryImageOfPage\":{\"@id\":\"https:\\\/\\\/pans.krosno.pl\\\/5glab\\\/2025\\\/06\\\/11\\\/wizyta-prof-marka-gzika-wiceministra-nauki-i-szkolnictwa-wyzszego-w-pans-w-krosnie\\\/#primaryimage\"},\"image\":{\"@id\":\"https:\\\/\\\/pans.krosno.pl\\\/5glab\\\/2025\\\/06\\\/11\\\/wizyta-prof-marka-gzika-wiceministra-nauki-i-szkolnictwa-wyzszego-w-pans-w-krosnie\\\/#primaryimage\"},\"thumbnailUrl\":\"https:\\\/\\\/pans.krosno.pl\\\/5glab\\\/wp-content\\\/uploads\\\/sites\\\/66\\\/2025\\\/09\\\/DSCF9143.jpg\",\"datePublished\":\"2025-06-11T17:00:00+00:00\",\"dateModified\":\"2025-09-01T13:20:12+00:00\",\"breadcrumb\":{\"@id\":\"https:\\\/\\\/pans.krosno.pl\\\/5glab\\\/2025\\\/06\\\/11\\\/wizyta-prof-marka-gzika-wiceministra-nauki-i-szkolnictwa-wyzszego-w-pans-w-krosnie\\\/#breadcrumb\"},\"inLanguage\":\"pl-PL\",\"potentialAction\":[{\"@type\":\"ReadAction\",\"target\":[\"https:\\\/\\\/pans.krosno.pl\\\/5glab\\\/2025\\\/06\\\/11\\\/wizyta-prof-marka-gzika-wiceministra-nauki-i-szkolnictwa-wyzszego-w-pans-w-krosnie\\\/\"]}]},{\"@type\":\"ImageObject\",\"inLanguage\":\"pl-PL\",\"@id\":\"https:\\\/\\\/pans.krosno.pl\\\/5glab\\\/2025\\\/06\\\/11\\\/wizyta-prof-marka-gzika-wiceministra-nauki-i-szkolnictwa-wyzszego-w-pans-w-krosnie\\\/#primaryimage\",\"url\":\"https:\\\/\\\/pans.krosno.pl\\\/5glab\\\/wp-content\\\/uploads\\\/sites\\\/66\\\/2025\\\/09\\\/DSCF9143.jpg\",\"contentUrl\":\"https:\\\/\\\/pans.krosno.pl\\\/5glab\\\/wp-content\\\/uploads\\\/sites\\\/66\\\/2025\\\/09\\\/DSCF9143.jpg\",\"width\":1800,\"height\":1200},{\"@type\":\"BreadcrumbList\",\"@id\":\"https:\\\/\\\/pans.krosno.pl\\\/5glab\\\/2025\\\/06\\\/11\\\/wizyta-prof-marka-gzika-wiceministra-nauki-i-szkolnictwa-wyzszego-w-pans-w-krosnie\\\/#breadcrumb\",\"itemListElement\":[{\"@type\":\"ListItem\",\"position\":1,\"name\":\"Strona g\u0142\u00f3wna\",\"item\":\"https:\\\/\\\/pans.krosno.pl\\\/5glab\\\/\"},{\"@type\":\"ListItem\",\"position\":2,\"name\":\"Wydarzenia 5G Lab\",\"item\":\"https:\\\/\\\/pans.krosno.pl\\\/5glab\\\/category\\\/5g\\\/\"},{\"@type\":\"ListItem\",\"position\":3,\"name\":\"Wizyta prof. Marka Gzika Wiceministra Nauki i Szkolnictwa Wy\u017cszego w PANS w Kro\u015bnie\"}]},{\"@type\":\"WebSite\",\"@id\":\"https:\\\/\\\/pans.krosno.pl\\\/5glab\\\/#website\",\"url\":\"https:\\\/\\\/pans.krosno.pl\\\/5glab\\\/\",\"name\":\"PANS w Kro\u015bnie\",\"description\":\"\",\"publisher\":{\"@id\":\"https:\\\/\\\/pans.krosno.pl\\\/5glab\\\/#organization\"},\"alternateName\":\"PANS Krosno\",\"potentialAction\":[{\"@type\":\"SearchAction\",\"target\":{\"@type\":\"EntryPoint\",\"urlTemplate\":\"https:\\\/\\\/pans.krosno.pl\\\/5glab\\\/?s={search_term_string}\"},\"query-input\":{\"@type\":\"PropertyValueSpecification\",\"valueRequired\":true,\"valueName\":\"search_term_string\"}}],\"inLanguage\":\"pl-PL\"},{\"@type\":\"Organization\",\"@id\":\"https:\\\/\\\/pans.krosno.pl\\\/5glab\\\/#organization\",\"name\":\"Pa\u0144stwowa Akademia Nauk Stosowanych w Kro\u015bnie\",\"alternateName\":\"PANS Krosno\",\"url\":\"https:\\\/\\\/pans.krosno.pl\\\/5glab\\\/\",\"logo\":{\"@type\":\"ImageObject\",\"inLanguage\":\"pl-PL\",\"@id\":\"https:\\\/\\\/pans.krosno.pl\\\/5glab\\\/#\\\/schema\\\/logo\\\/image\\\/\",\"url\":\"https:\\\/\\\/pans.krosno.pl\\\/wp-content\\\/uploads\\\/2023\\\/01\\\/Logo-PANS-2022-pelne-2-scaled.jpg\",\"contentUrl\":\"https:\\\/\\\/pans.krosno.pl\\\/wp-content\\\/uploads\\\/2023\\\/01\\\/Logo-PANS-2022-pelne-2-scaled.jpg\",\"width\":2560,\"height\":576,\"caption\":\"Pa\u0144stwowa Akademia Nauk Stosowanych w Kro\u015bnie\"},\"image\":{\"@id\":\"https:\\\/\\\/pans.krosno.pl\\\/5glab\\\/#\\\/schema\\\/logo\\\/image\\\/\"},\"sameAs\":[\"https:\\\/\\\/www.facebook.com\\\/StudiaKrosno\\\/\",\"https:\\\/\\\/www.instagram.com\\\/pans.krosno\\\/\",\"https:\\\/\\\/pl.linkedin.com\\\/company\\\/pwsz-krosno\",\"https:\\\/\\\/www.youtube.com\\\/user\\\/pwszkrosno\\\/\",\"https:\\\/\\\/pl.wikipedia.org\\\/wiki\\\/Pa\u0144stwowa_Wy\u017csza_Szko\u0142a_Zawodowa_im._Stanis\u0142awa_Pigonia_w_Kro\u015bnie\"]},{\"@type\":\"Person\",\"@id\":\"https:\\\/\\\/pans.krosno.pl\\\/5glab\\\/#\\\/schema\\\/person\\\/6fdc2f086448977aedd1a17fb2d90220\",\"name\":\"damianprzybyla\",\"image\":{\"@type\":\"ImageObject\",\"inLanguage\":\"pl-PL\",\"@id\":\"https:\\\/\\\/secure.gravatar.com\\\/avatar\\\/5b15e3b0f679a391a5b1f218e1ddfd13e97c937a0425276e3ecb78554257f26e?s=96&d=mm&r=g\",\"url\":\"https:\\\/\\\/secure.gravatar.com\\\/avatar\\\/5b15e3b0f679a391a5b1f218e1ddfd13e97c937a0425276e3ecb78554257f26e?s=96&d=mm&r=g\",\"contentUrl\":\"https:\\\/\\\/secure.gravatar.com\\\/avatar\\\/5b15e3b0f679a391a5b1f218e1ddfd13e97c937a0425276e3ecb78554257f26e?s=96&d=mm&r=g\",\"caption\":\"damianprzybyla\"},\"url\":\"https:\\\/\\\/pans.krosno.pl\\\/5glab\\\/author\\\/damianprzybyla\\\/\"}]}<\/script>\n<!-- \/ Yoast SEO Premium plugin. -->","yoast_head_json":{"title":"Wizyta prof. Marka Gzika Wiceministra Nauki i Szkolnictwa Wy\u017cszego w PANS w Kro\u015bnie - 5glab","robots":{"index":"index","follow":"follow","max-snippet":"max-snippet:-1","max-image-preview":"max-image-preview:large","max-video-preview":"max-video-preview:-1"},"canonical":"https:\/\/pans.krosno.pl\/5glab\/2025\/06\/11\/wizyta-prof-marka-gzika-wiceministra-nauki-i-szkolnictwa-wyzszego-w-pans-w-krosnie\/","og_locale":"pl_PL","og_type":"article","og_title":"Wizyta prof. Marka Gzika Wiceministra Nauki i Szkolnictwa Wy\u017cszego w PANS w Kro\u015bnie","og_description":"Pa\u0144stwowa Akademia Nauk Stosowanych w Kro\u015bnie mia\u0142a zaszczyt go\u015bci\u0107 prof. dr. hab. in\u017c. Marka Gzika, Wiceministra Nauki i Szkolnictwa Wy\u017cszego oraz Pani\u0105 Joann\u0119 Frydrych Pos\u0142ank\u0119 na Sejm RP, w ramach og\u00f3lnopolskiego cyklu spotka\u0144 pn.&nbsp;\u201ePorozmawiajmy o polskiej nauce\u201d. By\u0142o to ju\u017c trzynaste wydarzenie w ramach tej inicjatywy, a zarazem pierwsze zorganizowane [\u2026] Read More","og_url":"https:\/\/pans.krosno.pl\/5glab\/2025\/06\/11\/wizyta-prof-marka-gzika-wiceministra-nauki-i-szkolnictwa-wyzszego-w-pans-w-krosnie\/","og_site_name":"5glab","article_publisher":"https:\/\/www.facebook.com\/StudiaKrosno\/","article_published_time":"2025-06-11T17:00:00+00:00","article_modified_time":"2025-09-01T13:20:12+00:00","og_image":[{"width":1800,"height":1200,"url":"https:\/\/pans.krosno.pl\/5glab\/wp-content\/uploads\/sites\/66\/2025\/09\/DSCF9143.jpg","type":"image\/jpeg"}],"author":"damianprzybyla","twitter_card":"summary_large_image","twitter_misc":{"Napisane przez":"damianprzybyla","Szacowany czas czytania":"7 minut"},"schema":{"@context":"https:\/\/schema.org","@graph":[{"@type":"Article","@id":"https:\/\/pans.krosno.pl\/5glab\/2025\/06\/11\/wizyta-prof-marka-gzika-wiceministra-nauki-i-szkolnictwa-wyzszego-w-pans-w-krosnie\/#article","isPartOf":{"@id":"https:\/\/pans.krosno.pl\/5glab\/2025\/06\/11\/wizyta-prof-marka-gzika-wiceministra-nauki-i-szkolnictwa-wyzszego-w-pans-w-krosnie\/"},"author":{"name":"damianprzybyla","@id":"https:\/\/pans.krosno.pl\/5glab\/#\/schema\/person\/6fdc2f086448977aedd1a17fb2d90220"},"headline":"Wizyta prof. Marka Gzika Wiceministra Nauki i Szkolnictwa Wy\u017cszego w PANS w Kro\u015bnie","datePublished":"2025-06-11T17:00:00+00:00","dateModified":"2025-09-01T13:20:12+00:00","mainEntityOfPage":{"@id":"https:\/\/pans.krosno.pl\/5glab\/2025\/06\/11\/wizyta-prof-marka-gzika-wiceministra-nauki-i-szkolnictwa-wyzszego-w-pans-w-krosnie\/"},"wordCount":374,"commentCount":0,"publisher":{"@id":"https:\/\/pans.krosno.pl\/5glab\/#organization"},"image":{"@id":"https:\/\/pans.krosno.pl\/5glab\/2025\/06\/11\/wizyta-prof-marka-gzika-wiceministra-nauki-i-szkolnictwa-wyzszego-w-pans-w-krosnie\/#primaryimage"},"thumbnailUrl":"https:\/\/pans.krosno.pl\/5glab\/wp-content\/uploads\/sites\/66\/2025\/09\/DSCF9143.jpg","articleSection":["Wydarzenia 5G Lab"],"inLanguage":"pl-PL","potentialAction":[{"@type":"CommentAction","name":"Comment","target":["https:\/\/pans.krosno.pl\/5glab\/2025\/06\/11\/wizyta-prof-marka-gzika-wiceministra-nauki-i-szkolnictwa-wyzszego-w-pans-w-krosnie\/#respond"]}]},{"@type":"WebPage","@id":"https:\/\/pans.krosno.pl\/5glab\/2025\/06\/11\/wizyta-prof-marka-gzika-wiceministra-nauki-i-szkolnictwa-wyzszego-w-pans-w-krosnie\/","url":"https:\/\/pans.krosno.pl\/5glab\/2025\/06\/11\/wizyta-prof-marka-gzika-wiceministra-nauki-i-szkolnictwa-wyzszego-w-pans-w-krosnie\/","name":"Wizyta prof. Marka Gzika Wiceministra Nauki i Szkolnictwa Wy\u017cszego w PANS w Kro\u015bnie - 5glab","isPartOf":{"@id":"https:\/\/pans.krosno.pl\/5glab\/#website"},"primaryImageOfPage":{"@id":"https:\/\/pans.krosno.pl\/5glab\/2025\/06\/11\/wizyta-prof-marka-gzika-wiceministra-nauki-i-szkolnictwa-wyzszego-w-pans-w-krosnie\/#primaryimage"},"image":{"@id":"https:\/\/pans.krosno.pl\/5glab\/2025\/06\/11\/wizyta-prof-marka-gzika-wiceministra-nauki-i-szkolnictwa-wyzszego-w-pans-w-krosnie\/#primaryimage"},"thumbnailUrl":"https:\/\/pans.krosno.pl\/5glab\/wp-content\/uploads\/sites\/66\/2025\/09\/DSCF9143.jpg","datePublished":"2025-06-11T17:00:00+00:00","dateModified":"2025-09-01T13:20:12+00:00","breadcrumb":{"@id":"https:\/\/pans.krosno.pl\/5glab\/2025\/06\/11\/wizyta-prof-marka-gzika-wiceministra-nauki-i-szkolnictwa-wyzszego-w-pans-w-krosnie\/#breadcrumb"},"inLanguage":"pl-PL","potentialAction":[{"@type":"ReadAction","target":["https:\/\/pans.krosno.pl\/5glab\/2025\/06\/11\/wizyta-prof-marka-gzika-wiceministra-nauki-i-szkolnictwa-wyzszego-w-pans-w-krosnie\/"]}]},{"@type":"ImageObject","inLanguage":"pl-PL","@id":"https:\/\/pans.krosno.pl\/5glab\/2025\/06\/11\/wizyta-prof-marka-gzika-wiceministra-nauki-i-szkolnictwa-wyzszego-w-pans-w-krosnie\/#primaryimage","url":"https:\/\/pans.krosno.pl\/5glab\/wp-content\/uploads\/sites\/66\/2025\/09\/DSCF9143.jpg","contentUrl":"https:\/\/pans.krosno.pl\/5glab\/wp-content\/uploads\/sites\/66\/2025\/09\/DSCF9143.jpg","width":1800,"height":1200},{"@type":"BreadcrumbList","@id":"https:\/\/pans.krosno.pl\/5glab\/2025\/06\/11\/wizyta-prof-marka-gzika-wiceministra-nauki-i-szkolnictwa-wyzszego-w-pans-w-krosnie\/#breadcrumb","itemListElement":[{"@type":"ListItem","position":1,"name":"Strona g\u0142\u00f3wna","item":"https:\/\/pans.krosno.pl\/5glab\/"},{"@type":"ListItem","position":2,"name":"Wydarzenia 5G Lab","item":"https:\/\/pans.krosno.pl\/5glab\/category\/5g\/"},{"@type":"ListItem","position":3,"name":"Wizyta prof. Marka Gzika Wiceministra Nauki i Szkolnictwa Wy\u017cszego w PANS w Kro\u015bnie"}]},{"@type":"WebSite","@id":"https:\/\/pans.krosno.pl\/5glab\/#website","url":"https:\/\/pans.krosno.pl\/5glab\/","name":"PANS w Kro\u015bnie","description":"","publisher":{"@id":"https:\/\/pans.krosno.pl\/5glab\/#organization"},"alternateName":"PANS Krosno","potentialAction":[{"@type":"SearchAction","target":{"@type":"EntryPoint","urlTemplate":"https:\/\/pans.krosno.pl\/5glab\/?s={search_term_string}"},"query-input":{"@type":"PropertyValueSpecification","valueRequired":true,"valueName":"search_term_string"}}],"inLanguage":"pl-PL"},{"@type":"Organization","@id":"https:\/\/pans.krosno.pl\/5glab\/#organization","name":"Pa\u0144stwowa Akademia Nauk Stosowanych w Kro\u015bnie","alternateName":"PANS Krosno","url":"https:\/\/pans.krosno.pl\/5glab\/","logo":{"@type":"ImageObject","inLanguage":"pl-PL","@id":"https:\/\/pans.krosno.pl\/5glab\/#\/schema\/logo\/image\/","url":"https:\/\/pans.krosno.pl\/wp-content\/uploads\/2023\/01\/Logo-PANS-2022-pelne-2-scaled.jpg","contentUrl":"https:\/\/pans.krosno.pl\/wp-content\/uploads\/2023\/01\/Logo-PANS-2022-pelne-2-scaled.jpg","width":2560,"height":576,"caption":"Pa\u0144stwowa Akademia Nauk Stosowanych w Kro\u015bnie"},"image":{"@id":"https:\/\/pans.krosno.pl\/5glab\/#\/schema\/logo\/image\/"},"sameAs":["https:\/\/www.facebook.com\/StudiaKrosno\/","https:\/\/www.instagram.com\/pans.krosno\/","https:\/\/pl.linkedin.com\/company\/pwsz-krosno","https:\/\/www.youtube.com\/user\/pwszkrosno\/","https:\/\/pl.wikipedia.org\/wiki\/Pa\u0144stwowa_Wy\u017csza_Szko\u0142a_Zawodowa_im._Stanis\u0142awa_Pigonia_w_Kro\u015bnie"]},{"@type":"Person","@id":"https:\/\/pans.krosno.pl\/5glab\/#\/schema\/person\/6fdc2f086448977aedd1a17fb2d90220","name":"damianprzybyla","image":{"@type":"ImageObject","inLanguage":"pl-PL","@id":"https:\/\/secure.gravatar.com\/avatar\/5b15e3b0f679a391a5b1f218e1ddfd13e97c937a0425276e3ecb78554257f26e?s=96&d=mm&r=g","url":"https:\/\/secure.gravatar.com\/avatar\/5b15e3b0f679a391a5b1f218e1ddfd13e97c937a0425276e3ecb78554257f26e?s=96&d=mm&r=g","contentUrl":"https:\/\/secure.gravatar.com\/avatar\/5b15e3b0f679a391a5b1f218e1ddfd13e97c937a0425276e3ecb78554257f26e?s=96&d=mm&r=g","caption":"damianprzybyla"},"url":"https:\/\/pans.krosno.pl\/5glab\/author\/damianprzybyla\/"}]}},"_links":{"self":[{"href":"https:\/\/pans.krosno.pl\/5glab\/wp-json\/wp\/v2\/posts\/319","targetHints":{"allow":["GET"]}}],"collection":[{"href":"https:\/\/pans.krosno.pl\/5glab\/wp-json\/wp\/v2\/posts"}],"about":[{"href":"https:\/\/pans.krosno.pl\/5glab\/wp-json\/wp\/v2\/types\/post"}],"author":[{"embeddable":true,"href":"https:\/\/pans.krosno.pl\/5glab\/wp-json\/wp\/v2\/users\/100"}],"replies":[{"embeddable":true,"href":"https:\/\/pans.krosno.pl\/5glab\/wp-json\/wp\/v2\/comments?post=319"}],"version-history":[{"count":1,"href":"https:\/\/pans.krosno.pl\/5glab\/wp-json\/wp\/v2\/posts\/319\/revisions"}],"predecessor-version":[{"id":339,"href":"https:\/\/pans.krosno.pl\/5glab\/wp-json\/wp\/v2\/posts\/319\/revisions\/339"}],"wp:featuredmedia":[{"embeddable":true,"href":"https:\/\/pans.krosno.pl\/5glab\/wp-json\/wp\/v2\/media\/336"}],"wp:attachment":[{"href":"https:\/\/pans.krosno.pl\/5glab\/wp-json\/wp\/v2\/media?parent=319"}],"wp:term":[{"taxonomy":"category","embeddable":true,"href":"https:\/\/pans.krosno.pl\/5glab\/wp-json\/wp\/v2\/categories?post=319"},{"taxonomy":"post_tag","embeddable":true,"href":"https:\/\/pans.krosno.pl\/5glab\/wp-json\/wp\/v2\/tags?post=319"}],"curies":[{"name":"wp","href":"https:\/\/api.w.org\/{rel}","templated":true}]}}