{"id":311,"date":"2025-04-17T13:30:00","date_gmt":"2025-04-17T12:30:00","guid":{"rendered":"https:\/\/pans.krosno.pl\/5glab\/?p=311"},"modified":"2025-09-01T14:19:26","modified_gmt":"2025-09-01T13:19:26","slug":"wizyta-ministra-andrzeja-szeptyckiego-w-pans-w-krosnie","status":"publish","type":"post","link":"https:\/\/pans.krosno.pl\/5glab\/2025\/04\/17\/wizyta-ministra-andrzeja-szeptyckiego-w-pans-w-krosnie\/","title":{"rendered":"Wizyta Ministra Andrzeja Szeptyckiego w PANS w Kro\u015bnie"},"content":{"rendered":"\n<p>17 kwietnia 2025 roku&nbsp;<strong>Profesor dr hab. Andrzej Szeptycki \u2013 Wiceminister Nauki i Szkolnictwa Wy\u017cszego<\/strong>, odwiedzi\u0142 Pa\u0144stwow\u0105 Akademi\u0119 Nauk Stosowanych w Kro\u015bnie. Celem wizyty by\u0142o zaprezentowanie Pa\u0144stwowej Akademii Nauk Stosowanych w Kro\u015bnie jako wa\u017cnego o\u015brodka akademickiego w regionie, om\u00f3wienie perspektyw rozwoju Uczelni oraz dyskusja dotycz\u0105ca plan\u00f3w dalszej wsp\u00f3\u0142pracy z MNiSW.<strong>&nbsp;<\/strong>W trakcie wizyty Panu Ministrowi towarzyszy\u0142 Pan Bartosz Romowicz \u2013 pose\u0142 na Sejm RP.<strong><\/strong><\/p>\n\n\n\n<figure class=\"wp-block-image\"><a href=\"https:\/\/pans.krosno.pl\/wp-content\/uploads\/2025\/04\/DSCF3469-scaled.jpg\"><img decoding=\"async\" src=\"https:\/\/pans.krosno.pl\/wp-content\/uploads\/2025\/04\/DSCF3469-1024x683.jpg\" alt=\"\" class=\"wp-image-56338\"\/><\/a><\/figure>\n\n\n\n<p>Podczas wizyty prof. Andrzej Szeptycki \u2013 pod przewodnictwem&nbsp;<strong>prorektor ds. rozwoju dr Agnieszki Wo\u017aniak<\/strong>, mia\u0142 okazj\u0119 zapozna\u0107 si\u0119 z nowoczesn\u0105 baz\u0105 naukowo-dydaktyczn\u0105 kro\u015bnie\u0144skiej Uczelni. W trakcie spotkania w pierwszej kolejno\u015bci zaprezentowano mo\u017cliwo\u015bci i wyposa\u017cenie laboratori\u00f3w znajduj\u0105cych si\u0119 w Kampusie przy ul. Dmochowskiego 12:&nbsp;<em>Laboratorium g\u00f3rnictwa i geotechniki&nbsp;<\/em>(prezentacja \u2013&nbsp;<strong>dr in\u017c. Bernadeta Rajchel<\/strong>),&nbsp;<em>Laboratorium bada\u0144 element\u00f3w i konstrukcji in\u017cynierskich<\/em>&nbsp;(prezentacja maszyn i urz\u0105dze\u0144, mi\u0119dzy innymi aparatury do bada\u0144 odkszta\u0142ce\u0144 za pomoc\u0105 cyfrowej korelacji obrazu \u2013&nbsp;<strong>dr in\u017c. Tomasz Pytlowany<\/strong>),&nbsp;<em>Laboratorium bada\u0144 element\u00f3w i konstrukcji in\u017cynierskich<\/em>&nbsp;(prezentacja maszyn wytrzyma\u0142o\u015bciowych \u2013&nbsp;<strong>dr in\u017c. Dariusz Le\u0144<\/strong>),&nbsp;<em>Laboratorium odnawialnych \u017ar\u00f3de\u0142 energii<\/em>, gdzie prezentacj\u0119 nowoczesnego systemu kogeneracyjnego, wykorzystywanego zar\u00f3wno w celach dydaktycznych, jak i do ogrzewania, ch\u0142odzenia oraz produkcji energii elektrycznej, przeprowadzi\u0142&nbsp;<strong>mgr in\u017c. Szymon Faber<\/strong>.<\/p>\n\n\n\n<figure class=\"wp-block-image\"><a href=\"https:\/\/pans.krosno.pl\/wp-content\/uploads\/2025\/04\/DSCF2751-scaled.jpg\"><img decoding=\"async\" src=\"https:\/\/pans.krosno.pl\/wp-content\/uploads\/2025\/04\/DSCF2751-1024x683.jpg\" alt=\"\" class=\"wp-image-56325\"\/><\/a><\/figure>\n\n\n\n<p>Kolejnym celem wizyty naszych go\u015bci sta\u0142y si\u0119:&nbsp;<em>Laboratorium zielarstwa<\/em>, gdzie prezentacji wyposa\u017cenia dokona\u0142y&nbsp;<strong>dr in\u017c. Bernadetta Bienia<\/strong>&nbsp;oraz&nbsp;<em>Laboratorium Oceny jako\u015bci produkt\u00f3w rolnych&nbsp;<\/em>(prezentacj\u0119 wyposa\u017cenia i jego mo\u017cliwo\u015bci przeprowadzi\u0142a&nbsp;<strong>dr hab. in\u017c. Barbara Krochmal-Marczak, prof. PANS<\/strong>). Podczas kr\u00f3tkiej wizyty w Kampusie w Suchodole Pan Mister mia\u0142 r\u00f3wnie\u017c mo\u017cliwo\u015b\u0107 zobaczy\u0107 nowoczesn\u0105 amfiteatraln\u0105 aul\u0119 oraz uczelniany ogr\u00f3d z kolekcj\u0105 ro\u015blin zielarskich, ozdobnych i owocowych.<\/p>\n\n\n\n<figure class=\"wp-block-image\"><a href=\"https:\/\/pans.krosno.pl\/wp-content\/uploads\/2025\/04\/DSCF2909-scaled.jpg\"><img decoding=\"async\" src=\"https:\/\/pans.krosno.pl\/wp-content\/uploads\/2025\/04\/DSCF2909-1024x683.jpg\" alt=\"\" class=\"wp-image-56329\"\/><\/a><\/figure>\n\n\n\n<p>Po kr\u00f3tkim spotkaniu w Suchodole go\u015bcie przejechali do Kampusu przy ul. Wyspia\u0144skiego 20, gdzie \u2013 &nbsp;pod przewodnictwem&nbsp;<strong>JM Rektora dra hab. Zbigniewa Barabasza, prof. PANS<\/strong>, prorektor\u00f3w i dw\u00f3ch dyrektor\u00f3w instytut\u00f3w, odby\u0142a si\u0119 wizytacja nowoczesnego&nbsp;<em>Laboratorium PANS 5G LAB<\/em>, uruchomionego w listopadzie 2024 roku, jednego z pi\u0119ciu tego typu funkcjonuj\u0105cych w uczelniach wy\u017cszych w Polsce. Prezentacji wyposa\u017cenia i mo\u017cliwo\u015bci Laboratorium 5G dokonali&nbsp;<strong>dr in\u017c. Piotr Wais<\/strong>&nbsp;oraz&nbsp;<strong>dr in\u017c. Agnieszka Kubacka<\/strong>. Nast\u0119pnie go\u015bcie przeszli do infrastruktury sportowej Kampusu w Turasz\u00f3wce, gdzie&nbsp;<strong>prorektor ds. studi\u00f3w dr Krzysztof Fr\u0105czek<\/strong>&nbsp;przeprowadzi\u0142 kr\u00f3tk\u0105 prezentacj\u0119 mo\u017cliwo\u015bci sprz\u0119tu badawczego nowoczesnych laboratori\u00f3w sportowych b\u0119d\u0105cych w dyspozycji Uczelni.<\/p>\n\n\n\n<figure class=\"wp-block-image\"><a href=\"https:\/\/pans.krosno.pl\/wp-content\/uploads\/2025\/04\/DSCF3194-scaled.jpg\"><img decoding=\"async\" src=\"https:\/\/pans.krosno.pl\/wp-content\/uploads\/2025\/04\/DSCF3194-1024x683.jpg\" alt=\"\" class=\"wp-image-56335\"\/><\/a><\/figure>\n\n\n\n<p>Ostatnim punktem wizyty w Kampusie przy ul. Wyspia\u0144skiego 20 by\u0142o spotkanie naszych go\u015bci z Rad\u0105 Samorz\u0105du Studenckiego oraz studentami programu Erasmus, kt\u00f3re odby\u0142o si\u0119 w wn\u0119trzu&nbsp;<em>Laboratorium PANS 5G.<\/em>&nbsp;Ze wzgl\u0119du na obecno\u015b\u0107 grupy student\u00f3w zagranicznych ta cz\u0119\u015b\u0107 spotkania przeprowadzona zosta\u0142a w ca\u0142o\u015bci w j\u0119zyku angielskim. Podczas trwaj\u0105cej blisko p\u00f3\u0142 godziny dyskusji Pan Minister odpowiedzia\u0142 na liczne pytania student\u00f3w dotycz\u0105ce aktualnej sytuacji szkolnictwa wy\u017cszego, mo\u017cliwo\u015bci pomocy Ministerstwa w starcie absolwent\u00f3w na rynku pracy, zagadnie\u0144 zwi\u0105zanych umi\u0119dzynarodowieniem studi\u00f3w oraz studenck\u0105 wymian\u0105 mi\u0119dzynarodow\u0105.<\/p>\n\n\n\n<figure class=\"wp-block-image\"><a href=\"https:\/\/pans.krosno.pl\/wp-content\/uploads\/2025\/04\/DSCF3509-scaled.jpg\"><img decoding=\"async\" src=\"https:\/\/pans.krosno.pl\/wp-content\/uploads\/2025\/04\/DSCF3509-1024x683.jpg\" alt=\"\" class=\"wp-image-56341\"\/><\/a><\/figure>\n\n\n\n<p>Wizyta Pana Ministra w Kro\u015bnie zako\u0144czy\u0142a si\u0119 wsp\u00f3lnym obiadem, w kt\u00f3rym udzia\u0142 wzi\u0119li:&nbsp;<strong>Pan Piotr Przytocki \u2013 Prezydent Miasta Krosna<\/strong>,&nbsp;<strong>pose\u0142 na Sejm RP \u2013 Bartosz Romowicz<\/strong>,&nbsp;<strong>JM Rektor<\/strong>&nbsp;wraz z prorektorami, kanclerz, kwestor, dyrektor Biura Rektora oraz dyrektorzy czterech instytut\u00f3w.<\/p>\n\n\n\n<figure class=\"wp-block-image\"><a href=\"https:\/\/pans.krosno.pl\/wp-content\/uploads\/2025\/04\/DSCF3574-scaled.jpg\"><img decoding=\"async\" src=\"https:\/\/pans.krosno.pl\/wp-content\/uploads\/2025\/04\/DSCF3574-1024x683.jpg\" alt=\"\" class=\"wp-image-56343\"\/><\/a><\/figure>\n\n\n\n<p>W trakcie spotkania Pan Minister podkre\u015bla\u0142 znaczenie funkcjonowania w szkolnictwie wy\u017cszym Uczelni o profilu praktycznym, kilkakrotnie r\u00f3wnie\u017c z wielkim przekonaniem i zadowoleniem wyra\u017ca\u0142 niezwykle wysok\u0105 ocen\u0119 dotycz\u0105c\u0105 doskona\u0142ych warunkach studiowania, jakie zapewnia swym studentom Pa\u0144stwowa Akademia Nauk Stosowanych w Kro\u015bnie. W podsumowaniu wizyty wyrazi\u0142 opini\u0119, \u017ce Uczelnia w Kro\u015bnie w pe\u0142nym zakresie wykorzysta\u0142a dan\u0105 jej szans\u0119. Rozmawiano o mo\u017cliwo\u015bci wsparcia Uczelni w r\u00f3\u017cnych obszarach m.in. w planach budowy nowego akademika.<\/p>\n\n\n\n<figure class=\"wp-block-gallery has-nested-images columns-default is-cropped wp-block-gallery-1 is-layout-flex wp-block-gallery-is-layout-flex\">\n<figure class=\"wp-block-image size-large\"><img loading=\"lazy\" decoding=\"async\" width=\"1024\" height=\"683\" data-id=\"312\" src=\"https:\/\/pans.krosno.pl\/5glab\/wp-content\/uploads\/sites\/66\/2025\/08\/DSCF3153-scaled-1-1024x683.jpg\" alt=\"\" class=\"wp-image-312\" srcset=\"https:\/\/pans.krosno.pl\/5glab\/wp-content\/uploads\/sites\/66\/2025\/08\/DSCF3153-scaled-1-1024x683.jpg 1024w, https:\/\/pans.krosno.pl\/5glab\/wp-content\/uploads\/sites\/66\/2025\/08\/DSCF3153-scaled-1-300x200.jpg 300w, https:\/\/pans.krosno.pl\/5glab\/wp-content\/uploads\/sites\/66\/2025\/08\/DSCF3153-scaled-1-768x512.jpg 768w, https:\/\/pans.krosno.pl\/5glab\/wp-content\/uploads\/sites\/66\/2025\/08\/DSCF3153-scaled-1-1536x1024.jpg 1536w, https:\/\/pans.krosno.pl\/5glab\/wp-content\/uploads\/sites\/66\/2025\/08\/DSCF3153-scaled-1-2048x1366.jpg 2048w, https:\/\/pans.krosno.pl\/5glab\/wp-content\/uploads\/sites\/66\/2025\/08\/DSCF3153-scaled-1-2000x1334.jpg 2000w, https:\/\/pans.krosno.pl\/5glab\/wp-content\/uploads\/sites\/66\/2025\/08\/DSCF3153-scaled-1-800x533.jpg 800w, https:\/\/pans.krosno.pl\/5glab\/wp-content\/uploads\/sites\/66\/2025\/08\/DSCF3153-scaled-1-580x387.jpg 580w\" sizes=\"auto, (max-width: 1024px) 100vw, 1024px\" \/><\/figure>\n\n\n\n<figure class=\"wp-block-image size-large\"><img loading=\"lazy\" decoding=\"async\" width=\"1024\" height=\"683\" data-id=\"316\" src=\"https:\/\/pans.krosno.pl\/5glab\/wp-content\/uploads\/sites\/66\/2025\/08\/DSCF3194-scaled-1-1024x683.jpg\" alt=\"\" class=\"wp-image-316\" srcset=\"https:\/\/pans.krosno.pl\/5glab\/wp-content\/uploads\/sites\/66\/2025\/08\/DSCF3194-scaled-1-1024x683.jpg 1024w, https:\/\/pans.krosno.pl\/5glab\/wp-content\/uploads\/sites\/66\/2025\/08\/DSCF3194-scaled-1-300x200.jpg 300w, https:\/\/pans.krosno.pl\/5glab\/wp-content\/uploads\/sites\/66\/2025\/08\/DSCF3194-scaled-1-768x512.jpg 768w, https:\/\/pans.krosno.pl\/5glab\/wp-content\/uploads\/sites\/66\/2025\/08\/DSCF3194-scaled-1-1536x1024.jpg 1536w, https:\/\/pans.krosno.pl\/5glab\/wp-content\/uploads\/sites\/66\/2025\/08\/DSCF3194-scaled-1-2048x1366.jpg 2048w, https:\/\/pans.krosno.pl\/5glab\/wp-content\/uploads\/sites\/66\/2025\/08\/DSCF3194-scaled-1-2000x1334.jpg 2000w, https:\/\/pans.krosno.pl\/5glab\/wp-content\/uploads\/sites\/66\/2025\/08\/DSCF3194-scaled-1-800x533.jpg 800w, https:\/\/pans.krosno.pl\/5glab\/wp-content\/uploads\/sites\/66\/2025\/08\/DSCF3194-scaled-1-580x387.jpg 580w\" sizes=\"auto, (max-width: 1024px) 100vw, 1024px\" \/><\/figure>\n\n\n\n<figure class=\"wp-block-image size-large\"><img loading=\"lazy\" decoding=\"async\" width=\"1024\" height=\"683\" data-id=\"315\" src=\"https:\/\/pans.krosno.pl\/5glab\/wp-content\/uploads\/sites\/66\/2025\/08\/DSCF3291-scaled-1-1024x683.jpg\" alt=\"\" class=\"wp-image-315\" srcset=\"https:\/\/pans.krosno.pl\/5glab\/wp-content\/uploads\/sites\/66\/2025\/08\/DSCF3291-scaled-1-1024x683.jpg 1024w, https:\/\/pans.krosno.pl\/5glab\/wp-content\/uploads\/sites\/66\/2025\/08\/DSCF3291-scaled-1-300x200.jpg 300w, https:\/\/pans.krosno.pl\/5glab\/wp-content\/uploads\/sites\/66\/2025\/08\/DSCF3291-scaled-1-768x512.jpg 768w, https:\/\/pans.krosno.pl\/5glab\/wp-content\/uploads\/sites\/66\/2025\/08\/DSCF3291-scaled-1-1536x1024.jpg 1536w, https:\/\/pans.krosno.pl\/5glab\/wp-content\/uploads\/sites\/66\/2025\/08\/DSCF3291-scaled-1-2048x1366.jpg 2048w, https:\/\/pans.krosno.pl\/5glab\/wp-content\/uploads\/sites\/66\/2025\/08\/DSCF3291-scaled-1-2000x1334.jpg 2000w, https:\/\/pans.krosno.pl\/5glab\/wp-content\/uploads\/sites\/66\/2025\/08\/DSCF3291-scaled-1-800x533.jpg 800w, https:\/\/pans.krosno.pl\/5glab\/wp-content\/uploads\/sites\/66\/2025\/08\/DSCF3291-scaled-1-580x387.jpg 580w\" sizes=\"auto, (max-width: 1024px) 100vw, 1024px\" \/><\/figure>\n\n\n\n<figure class=\"wp-block-image size-large\"><img loading=\"lazy\" decoding=\"async\" width=\"1024\" height=\"683\" data-id=\"313\" src=\"https:\/\/pans.krosno.pl\/5glab\/wp-content\/uploads\/sites\/66\/2025\/08\/DSCF3469-scaled-1-1024x683.jpg\" alt=\"\" class=\"wp-image-313\" srcset=\"https:\/\/pans.krosno.pl\/5glab\/wp-content\/uploads\/sites\/66\/2025\/08\/DSCF3469-scaled-1-1024x683.jpg 1024w, https:\/\/pans.krosno.pl\/5glab\/wp-content\/uploads\/sites\/66\/2025\/08\/DSCF3469-scaled-1-300x200.jpg 300w, https:\/\/pans.krosno.pl\/5glab\/wp-content\/uploads\/sites\/66\/2025\/08\/DSCF3469-scaled-1-768x512.jpg 768w, https:\/\/pans.krosno.pl\/5glab\/wp-content\/uploads\/sites\/66\/2025\/08\/DSCF3469-scaled-1-1536x1024.jpg 1536w, https:\/\/pans.krosno.pl\/5glab\/wp-content\/uploads\/sites\/66\/2025\/08\/DSCF3469-scaled-1-2048x1366.jpg 2048w, https:\/\/pans.krosno.pl\/5glab\/wp-content\/uploads\/sites\/66\/2025\/08\/DSCF3469-scaled-1-2000x1334.jpg 2000w, https:\/\/pans.krosno.pl\/5glab\/wp-content\/uploads\/sites\/66\/2025\/08\/DSCF3469-scaled-1-800x533.jpg 800w, https:\/\/pans.krosno.pl\/5glab\/wp-content\/uploads\/sites\/66\/2025\/08\/DSCF3469-scaled-1-580x387.jpg 580w\" sizes=\"auto, (max-width: 1024px) 100vw, 1024px\" \/><\/figure>\n\n\n\n<figure class=\"wp-block-image size-large\"><img loading=\"lazy\" decoding=\"async\" width=\"1024\" height=\"683\" data-id=\"317\" src=\"https:\/\/pans.krosno.pl\/5glab\/wp-content\/uploads\/sites\/66\/2025\/08\/DSCF3509-scaled-1-1024x683.jpg\" alt=\"\" class=\"wp-image-317\" srcset=\"https:\/\/pans.krosno.pl\/5glab\/wp-content\/uploads\/sites\/66\/2025\/08\/DSCF3509-scaled-1-1024x683.jpg 1024w, https:\/\/pans.krosno.pl\/5glab\/wp-content\/uploads\/sites\/66\/2025\/08\/DSCF3509-scaled-1-300x200.jpg 300w, https:\/\/pans.krosno.pl\/5glab\/wp-content\/uploads\/sites\/66\/2025\/08\/DSCF3509-scaled-1-768x512.jpg 768w, https:\/\/pans.krosno.pl\/5glab\/wp-content\/uploads\/sites\/66\/2025\/08\/DSCF3509-scaled-1-1536x1024.jpg 1536w, https:\/\/pans.krosno.pl\/5glab\/wp-content\/uploads\/sites\/66\/2025\/08\/DSCF3509-scaled-1-2048x1366.jpg 2048w, https:\/\/pans.krosno.pl\/5glab\/wp-content\/uploads\/sites\/66\/2025\/08\/DSCF3509-scaled-1-2000x1334.jpg 2000w, https:\/\/pans.krosno.pl\/5glab\/wp-content\/uploads\/sites\/66\/2025\/08\/DSCF3509-scaled-1-800x533.jpg 800w, https:\/\/pans.krosno.pl\/5glab\/wp-content\/uploads\/sites\/66\/2025\/08\/DSCF3509-scaled-1-580x387.jpg 580w\" sizes=\"auto, (max-width: 1024px) 100vw, 1024px\" \/><\/figure>\n\n\n\n<figure class=\"wp-block-image size-large\"><img loading=\"lazy\" decoding=\"async\" width=\"1024\" height=\"457\" data-id=\"314\" src=\"https:\/\/pans.krosno.pl\/5glab\/wp-content\/uploads\/sites\/66\/2025\/08\/DSCF3556-scaled-1-1024x457.jpg\" alt=\"\" class=\"wp-image-314\" srcset=\"https:\/\/pans.krosno.pl\/5glab\/wp-content\/uploads\/sites\/66\/2025\/08\/DSCF3556-scaled-1-1024x457.jpg 1024w, https:\/\/pans.krosno.pl\/5glab\/wp-content\/uploads\/sites\/66\/2025\/08\/DSCF3556-scaled-1-300x134.jpg 300w, https:\/\/pans.krosno.pl\/5glab\/wp-content\/uploads\/sites\/66\/2025\/08\/DSCF3556-scaled-1-768x343.jpg 768w, https:\/\/pans.krosno.pl\/5glab\/wp-content\/uploads\/sites\/66\/2025\/08\/DSCF3556-scaled-1-1536x686.jpg 1536w, https:\/\/pans.krosno.pl\/5glab\/wp-content\/uploads\/sites\/66\/2025\/08\/DSCF3556-scaled-1-2048x914.jpg 2048w, https:\/\/pans.krosno.pl\/5glab\/wp-content\/uploads\/sites\/66\/2025\/08\/DSCF3556-scaled-1-2000x893.jpg 2000w, https:\/\/pans.krosno.pl\/5glab\/wp-content\/uploads\/sites\/66\/2025\/08\/DSCF3556-scaled-1-800x357.jpg 800w, https:\/\/pans.krosno.pl\/5glab\/wp-content\/uploads\/sites\/66\/2025\/08\/DSCF3556-scaled-1-580x259.jpg 580w\" sizes=\"auto, (max-width: 1024px) 100vw, 1024px\" \/><\/figure>\n<\/figure>\n","protected":false},"excerpt":{"rendered":"<p>17 kwietnia 2025 roku&nbsp;Profesor dr hab. Andrzej Szeptycki \u2013 Wiceminister Nauki i Szkolnictwa Wy\u017cszego, odwiedzi\u0142 Pa\u0144stwow\u0105 Akademi\u0119 Nauk Stosowanych w Kro\u015bnie. Celem wizyty by\u0142o zaprezentowanie Pa\u0144stwowej Akademii Nauk Stosowanych w Kro\u015bnie jako wa\u017cnego o\u015brodka akademickiego w regionie, om\u00f3wienie perspektyw rozwoju Uczelni oraz dyskusja dotycz\u0105ca plan\u00f3w dalszej wsp\u00f3\u0142pracy z MNiSW.&nbsp;W trakcie [\u2026] <\/p>\n<div class=\"clear\"><\/div>\n<p><a class=\"more_link clearfix\" href=\"https:\/\/pans.krosno.pl\/5glab\/2025\/04\/17\/wizyta-ministra-andrzeja-szeptyckiego-w-pans-w-krosnie\/\" rel=\"nofollow\">Read More<\/a><\/p>\n","protected":false},"author":100,"featured_media":313,"comment_status":"open","ping_status":"open","sticky":false,"template":"","format":"standard","meta":{"ngg_post_thumbnail":0,"footnotes":""},"categories":[4],"tags":[],"class_list":["post-311","post","type-post","status-publish","format-standard","has-post-thumbnail","hentry","category-5g"],"yoast_head":"<!-- This site is optimized with the Yoast SEO Premium plugin v27.4 (Yoast SEO v27.4) - https:\/\/yoast.com\/product\/yoast-seo-premium-wordpress\/ -->\n<title>Wizyta Ministra Andrzeja Szeptyckiego w PANS w Kro\u015bnie - 5glab<\/title>\n<meta name=\"robots\" content=\"index, follow, max-snippet:-1, max-image-preview:large, max-video-preview:-1\" \/>\n<link rel=\"canonical\" href=\"https:\/\/pans.krosno.pl\/5glab\/2025\/04\/17\/wizyta-ministra-andrzeja-szeptyckiego-w-pans-w-krosnie\/\" \/>\n<meta property=\"og:locale\" content=\"pl_PL\" \/>\n<meta property=\"og:type\" content=\"article\" \/>\n<meta property=\"og:title\" content=\"Wizyta Ministra Andrzeja Szeptyckiego w PANS w Kro\u015bnie\" \/>\n<meta property=\"og:description\" content=\"17 kwietnia 2025 roku&nbsp;Profesor dr hab. Andrzej Szeptycki \u2013 Wiceminister Nauki i Szkolnictwa Wy\u017cszego, odwiedzi\u0142 Pa\u0144stwow\u0105 Akademi\u0119 Nauk Stosowanych w Kro\u015bnie. Celem wizyty by\u0142o zaprezentowanie Pa\u0144stwowej Akademii Nauk Stosowanych w Kro\u015bnie jako wa\u017cnego o\u015brodka akademickiego w regionie, om\u00f3wienie perspektyw rozwoju Uczelni oraz dyskusja dotycz\u0105ca plan\u00f3w dalszej wsp\u00f3\u0142pracy z MNiSW.&nbsp;W trakcie [\u2026] Read More\" \/>\n<meta property=\"og:url\" content=\"https:\/\/pans.krosno.pl\/5glab\/2025\/04\/17\/wizyta-ministra-andrzeja-szeptyckiego-w-pans-w-krosnie\/\" \/>\n<meta property=\"og:site_name\" content=\"5glab\" \/>\n<meta property=\"article:publisher\" content=\"https:\/\/www.facebook.com\/StudiaKrosno\/\" \/>\n<meta property=\"article:published_time\" content=\"2025-04-17T12:30:00+00:00\" \/>\n<meta property=\"article:modified_time\" content=\"2025-09-01T13:19:26+00:00\" \/>\n<meta property=\"og:image\" content=\"https:\/\/pans.krosno.pl\/5glab\/wp-content\/uploads\/sites\/66\/2025\/08\/DSCF3469-scaled-1.jpg\" \/>\n\t<meta property=\"og:image:width\" content=\"2560\" \/>\n\t<meta property=\"og:image:height\" content=\"1707\" \/>\n\t<meta property=\"og:image:type\" content=\"image\/jpeg\" \/>\n<meta name=\"author\" content=\"damianprzybyla\" \/>\n<meta name=\"twitter:card\" content=\"summary_large_image\" \/>\n<meta name=\"twitter:label1\" content=\"Napisane przez\" \/>\n\t<meta name=\"twitter:data1\" content=\"damianprzybyla\" \/>\n\t<meta name=\"twitter:label2\" content=\"Szacowany czas czytania\" \/>\n\t<meta name=\"twitter:data2\" content=\"6 minut\" \/>\n<script type=\"application\/ld+json\" class=\"yoast-schema-graph\">{\"@context\":\"https:\\\/\\\/schema.org\",\"@graph\":[{\"@type\":\"Article\",\"@id\":\"https:\\\/\\\/pans.krosno.pl\\\/5glab\\\/2025\\\/04\\\/17\\\/wizyta-ministra-andrzeja-szeptyckiego-w-pans-w-krosnie\\\/#article\",\"isPartOf\":{\"@id\":\"https:\\\/\\\/pans.krosno.pl\\\/5glab\\\/2025\\\/04\\\/17\\\/wizyta-ministra-andrzeja-szeptyckiego-w-pans-w-krosnie\\\/\"},\"author\":{\"name\":\"damianprzybyla\",\"@id\":\"https:\\\/\\\/pans.krosno.pl\\\/5glab\\\/#\\\/schema\\\/person\\\/6fdc2f086448977aedd1a17fb2d90220\"},\"headline\":\"Wizyta Ministra Andrzeja Szeptyckiego w PANS w Kro\u015bnie\",\"datePublished\":\"2025-04-17T12:30:00+00:00\",\"dateModified\":\"2025-09-01T13:19:26+00:00\",\"mainEntityOfPage\":{\"@id\":\"https:\\\/\\\/pans.krosno.pl\\\/5glab\\\/2025\\\/04\\\/17\\\/wizyta-ministra-andrzeja-szeptyckiego-w-pans-w-krosnie\\\/\"},\"wordCount\":687,\"commentCount\":0,\"publisher\":{\"@id\":\"https:\\\/\\\/pans.krosno.pl\\\/5glab\\\/#organization\"},\"image\":{\"@id\":\"https:\\\/\\\/pans.krosno.pl\\\/5glab\\\/2025\\\/04\\\/17\\\/wizyta-ministra-andrzeja-szeptyckiego-w-pans-w-krosnie\\\/#primaryimage\"},\"thumbnailUrl\":\"https:\\\/\\\/pans.krosno.pl\\\/5glab\\\/wp-content\\\/uploads\\\/sites\\\/66\\\/2025\\\/08\\\/DSCF3469-scaled-1.jpg\",\"articleSection\":[\"Wydarzenia 5G Lab\"],\"inLanguage\":\"pl-PL\",\"potentialAction\":[{\"@type\":\"CommentAction\",\"name\":\"Comment\",\"target\":[\"https:\\\/\\\/pans.krosno.pl\\\/5glab\\\/2025\\\/04\\\/17\\\/wizyta-ministra-andrzeja-szeptyckiego-w-pans-w-krosnie\\\/#respond\"]}]},{\"@type\":\"WebPage\",\"@id\":\"https:\\\/\\\/pans.krosno.pl\\\/5glab\\\/2025\\\/04\\\/17\\\/wizyta-ministra-andrzeja-szeptyckiego-w-pans-w-krosnie\\\/\",\"url\":\"https:\\\/\\\/pans.krosno.pl\\\/5glab\\\/2025\\\/04\\\/17\\\/wizyta-ministra-andrzeja-szeptyckiego-w-pans-w-krosnie\\\/\",\"name\":\"Wizyta Ministra Andrzeja Szeptyckiego w PANS w Kro\u015bnie - 5glab\",\"isPartOf\":{\"@id\":\"https:\\\/\\\/pans.krosno.pl\\\/5glab\\\/#website\"},\"primaryImageOfPage\":{\"@id\":\"https:\\\/\\\/pans.krosno.pl\\\/5glab\\\/2025\\\/04\\\/17\\\/wizyta-ministra-andrzeja-szeptyckiego-w-pans-w-krosnie\\\/#primaryimage\"},\"image\":{\"@id\":\"https:\\\/\\\/pans.krosno.pl\\\/5glab\\\/2025\\\/04\\\/17\\\/wizyta-ministra-andrzeja-szeptyckiego-w-pans-w-krosnie\\\/#primaryimage\"},\"thumbnailUrl\":\"https:\\\/\\\/pans.krosno.pl\\\/5glab\\\/wp-content\\\/uploads\\\/sites\\\/66\\\/2025\\\/08\\\/DSCF3469-scaled-1.jpg\",\"datePublished\":\"2025-04-17T12:30:00+00:00\",\"dateModified\":\"2025-09-01T13:19:26+00:00\",\"breadcrumb\":{\"@id\":\"https:\\\/\\\/pans.krosno.pl\\\/5glab\\\/2025\\\/04\\\/17\\\/wizyta-ministra-andrzeja-szeptyckiego-w-pans-w-krosnie\\\/#breadcrumb\"},\"inLanguage\":\"pl-PL\",\"potentialAction\":[{\"@type\":\"ReadAction\",\"target\":[\"https:\\\/\\\/pans.krosno.pl\\\/5glab\\\/2025\\\/04\\\/17\\\/wizyta-ministra-andrzeja-szeptyckiego-w-pans-w-krosnie\\\/\"]}]},{\"@type\":\"ImageObject\",\"inLanguage\":\"pl-PL\",\"@id\":\"https:\\\/\\\/pans.krosno.pl\\\/5glab\\\/2025\\\/04\\\/17\\\/wizyta-ministra-andrzeja-szeptyckiego-w-pans-w-krosnie\\\/#primaryimage\",\"url\":\"https:\\\/\\\/pans.krosno.pl\\\/5glab\\\/wp-content\\\/uploads\\\/sites\\\/66\\\/2025\\\/08\\\/DSCF3469-scaled-1.jpg\",\"contentUrl\":\"https:\\\/\\\/pans.krosno.pl\\\/5glab\\\/wp-content\\\/uploads\\\/sites\\\/66\\\/2025\\\/08\\\/DSCF3469-scaled-1.jpg\",\"width\":2560,\"height\":1707},{\"@type\":\"BreadcrumbList\",\"@id\":\"https:\\\/\\\/pans.krosno.pl\\\/5glab\\\/2025\\\/04\\\/17\\\/wizyta-ministra-andrzeja-szeptyckiego-w-pans-w-krosnie\\\/#breadcrumb\",\"itemListElement\":[{\"@type\":\"ListItem\",\"position\":1,\"name\":\"Strona g\u0142\u00f3wna\",\"item\":\"https:\\\/\\\/pans.krosno.pl\\\/5glab\\\/\"},{\"@type\":\"ListItem\",\"position\":2,\"name\":\"Wydarzenia 5G Lab\",\"item\":\"https:\\\/\\\/pans.krosno.pl\\\/5glab\\\/category\\\/5g\\\/\"},{\"@type\":\"ListItem\",\"position\":3,\"name\":\"Wizyta Ministra Andrzeja Szeptyckiego w PANS w Kro\u015bnie\"}]},{\"@type\":\"WebSite\",\"@id\":\"https:\\\/\\\/pans.krosno.pl\\\/5glab\\\/#website\",\"url\":\"https:\\\/\\\/pans.krosno.pl\\\/5glab\\\/\",\"name\":\"PANS w Kro\u015bnie\",\"description\":\"\",\"publisher\":{\"@id\":\"https:\\\/\\\/pans.krosno.pl\\\/5glab\\\/#organization\"},\"alternateName\":\"PANS Krosno\",\"potentialAction\":[{\"@type\":\"SearchAction\",\"target\":{\"@type\":\"EntryPoint\",\"urlTemplate\":\"https:\\\/\\\/pans.krosno.pl\\\/5glab\\\/?s={search_term_string}\"},\"query-input\":{\"@type\":\"PropertyValueSpecification\",\"valueRequired\":true,\"valueName\":\"search_term_string\"}}],\"inLanguage\":\"pl-PL\"},{\"@type\":\"Organization\",\"@id\":\"https:\\\/\\\/pans.krosno.pl\\\/5glab\\\/#organization\",\"name\":\"Pa\u0144stwowa Akademia Nauk Stosowanych w Kro\u015bnie\",\"alternateName\":\"PANS Krosno\",\"url\":\"https:\\\/\\\/pans.krosno.pl\\\/5glab\\\/\",\"logo\":{\"@type\":\"ImageObject\",\"inLanguage\":\"pl-PL\",\"@id\":\"https:\\\/\\\/pans.krosno.pl\\\/5glab\\\/#\\\/schema\\\/logo\\\/image\\\/\",\"url\":\"https:\\\/\\\/pans.krosno.pl\\\/wp-content\\\/uploads\\\/2023\\\/01\\\/Logo-PANS-2022-pelne-2-scaled.jpg\",\"contentUrl\":\"https:\\\/\\\/pans.krosno.pl\\\/wp-content\\\/uploads\\\/2023\\\/01\\\/Logo-PANS-2022-pelne-2-scaled.jpg\",\"width\":2560,\"height\":576,\"caption\":\"Pa\u0144stwowa Akademia Nauk Stosowanych w Kro\u015bnie\"},\"image\":{\"@id\":\"https:\\\/\\\/pans.krosno.pl\\\/5glab\\\/#\\\/schema\\\/logo\\\/image\\\/\"},\"sameAs\":[\"https:\\\/\\\/www.facebook.com\\\/StudiaKrosno\\\/\",\"https:\\\/\\\/www.instagram.com\\\/pans.krosno\\\/\",\"https:\\\/\\\/pl.linkedin.com\\\/company\\\/pwsz-krosno\",\"https:\\\/\\\/www.youtube.com\\\/user\\\/pwszkrosno\\\/\",\"https:\\\/\\\/pl.wikipedia.org\\\/wiki\\\/Pa\u0144stwowa_Wy\u017csza_Szko\u0142a_Zawodowa_im._Stanis\u0142awa_Pigonia_w_Kro\u015bnie\"]},{\"@type\":\"Person\",\"@id\":\"https:\\\/\\\/pans.krosno.pl\\\/5glab\\\/#\\\/schema\\\/person\\\/6fdc2f086448977aedd1a17fb2d90220\",\"name\":\"damianprzybyla\",\"image\":{\"@type\":\"ImageObject\",\"inLanguage\":\"pl-PL\",\"@id\":\"https:\\\/\\\/secure.gravatar.com\\\/avatar\\\/5b15e3b0f679a391a5b1f218e1ddfd13e97c937a0425276e3ecb78554257f26e?s=96&d=mm&r=g\",\"url\":\"https:\\\/\\\/secure.gravatar.com\\\/avatar\\\/5b15e3b0f679a391a5b1f218e1ddfd13e97c937a0425276e3ecb78554257f26e?s=96&d=mm&r=g\",\"contentUrl\":\"https:\\\/\\\/secure.gravatar.com\\\/avatar\\\/5b15e3b0f679a391a5b1f218e1ddfd13e97c937a0425276e3ecb78554257f26e?s=96&d=mm&r=g\",\"caption\":\"damianprzybyla\"},\"url\":\"https:\\\/\\\/pans.krosno.pl\\\/5glab\\\/author\\\/damianprzybyla\\\/\"}]}<\/script>\n<!-- \/ Yoast SEO Premium plugin. -->","yoast_head_json":{"title":"Wizyta Ministra Andrzeja Szeptyckiego w PANS w Kro\u015bnie - 5glab","robots":{"index":"index","follow":"follow","max-snippet":"max-snippet:-1","max-image-preview":"max-image-preview:large","max-video-preview":"max-video-preview:-1"},"canonical":"https:\/\/pans.krosno.pl\/5glab\/2025\/04\/17\/wizyta-ministra-andrzeja-szeptyckiego-w-pans-w-krosnie\/","og_locale":"pl_PL","og_type":"article","og_title":"Wizyta Ministra Andrzeja Szeptyckiego w PANS w Kro\u015bnie","og_description":"17 kwietnia 2025 roku&nbsp;Profesor dr hab. Andrzej Szeptycki \u2013 Wiceminister Nauki i Szkolnictwa Wy\u017cszego, odwiedzi\u0142 Pa\u0144stwow\u0105 Akademi\u0119 Nauk Stosowanych w Kro\u015bnie. Celem wizyty by\u0142o zaprezentowanie Pa\u0144stwowej Akademii Nauk Stosowanych w Kro\u015bnie jako wa\u017cnego o\u015brodka akademickiego w regionie, om\u00f3wienie perspektyw rozwoju Uczelni oraz dyskusja dotycz\u0105ca plan\u00f3w dalszej wsp\u00f3\u0142pracy z MNiSW.&nbsp;W trakcie [\u2026] Read More","og_url":"https:\/\/pans.krosno.pl\/5glab\/2025\/04\/17\/wizyta-ministra-andrzeja-szeptyckiego-w-pans-w-krosnie\/","og_site_name":"5glab","article_publisher":"https:\/\/www.facebook.com\/StudiaKrosno\/","article_published_time":"2025-04-17T12:30:00+00:00","article_modified_time":"2025-09-01T13:19:26+00:00","og_image":[{"width":2560,"height":1707,"url":"https:\/\/pans.krosno.pl\/5glab\/wp-content\/uploads\/sites\/66\/2025\/08\/DSCF3469-scaled-1.jpg","type":"image\/jpeg"}],"author":"damianprzybyla","twitter_card":"summary_large_image","twitter_misc":{"Napisane przez":"damianprzybyla","Szacowany czas czytania":"6 minut"},"schema":{"@context":"https:\/\/schema.org","@graph":[{"@type":"Article","@id":"https:\/\/pans.krosno.pl\/5glab\/2025\/04\/17\/wizyta-ministra-andrzeja-szeptyckiego-w-pans-w-krosnie\/#article","isPartOf":{"@id":"https:\/\/pans.krosno.pl\/5glab\/2025\/04\/17\/wizyta-ministra-andrzeja-szeptyckiego-w-pans-w-krosnie\/"},"author":{"name":"damianprzybyla","@id":"https:\/\/pans.krosno.pl\/5glab\/#\/schema\/person\/6fdc2f086448977aedd1a17fb2d90220"},"headline":"Wizyta Ministra Andrzeja Szeptyckiego w PANS w Kro\u015bnie","datePublished":"2025-04-17T12:30:00+00:00","dateModified":"2025-09-01T13:19:26+00:00","mainEntityOfPage":{"@id":"https:\/\/pans.krosno.pl\/5glab\/2025\/04\/17\/wizyta-ministra-andrzeja-szeptyckiego-w-pans-w-krosnie\/"},"wordCount":687,"commentCount":0,"publisher":{"@id":"https:\/\/pans.krosno.pl\/5glab\/#organization"},"image":{"@id":"https:\/\/pans.krosno.pl\/5glab\/2025\/04\/17\/wizyta-ministra-andrzeja-szeptyckiego-w-pans-w-krosnie\/#primaryimage"},"thumbnailUrl":"https:\/\/pans.krosno.pl\/5glab\/wp-content\/uploads\/sites\/66\/2025\/08\/DSCF3469-scaled-1.jpg","articleSection":["Wydarzenia 5G Lab"],"inLanguage":"pl-PL","potentialAction":[{"@type":"CommentAction","name":"Comment","target":["https:\/\/pans.krosno.pl\/5glab\/2025\/04\/17\/wizyta-ministra-andrzeja-szeptyckiego-w-pans-w-krosnie\/#respond"]}]},{"@type":"WebPage","@id":"https:\/\/pans.krosno.pl\/5glab\/2025\/04\/17\/wizyta-ministra-andrzeja-szeptyckiego-w-pans-w-krosnie\/","url":"https:\/\/pans.krosno.pl\/5glab\/2025\/04\/17\/wizyta-ministra-andrzeja-szeptyckiego-w-pans-w-krosnie\/","name":"Wizyta Ministra Andrzeja Szeptyckiego w PANS w Kro\u015bnie - 5glab","isPartOf":{"@id":"https:\/\/pans.krosno.pl\/5glab\/#website"},"primaryImageOfPage":{"@id":"https:\/\/pans.krosno.pl\/5glab\/2025\/04\/17\/wizyta-ministra-andrzeja-szeptyckiego-w-pans-w-krosnie\/#primaryimage"},"image":{"@id":"https:\/\/pans.krosno.pl\/5glab\/2025\/04\/17\/wizyta-ministra-andrzeja-szeptyckiego-w-pans-w-krosnie\/#primaryimage"},"thumbnailUrl":"https:\/\/pans.krosno.pl\/5glab\/wp-content\/uploads\/sites\/66\/2025\/08\/DSCF3469-scaled-1.jpg","datePublished":"2025-04-17T12:30:00+00:00","dateModified":"2025-09-01T13:19:26+00:00","breadcrumb":{"@id":"https:\/\/pans.krosno.pl\/5glab\/2025\/04\/17\/wizyta-ministra-andrzeja-szeptyckiego-w-pans-w-krosnie\/#breadcrumb"},"inLanguage":"pl-PL","potentialAction":[{"@type":"ReadAction","target":["https:\/\/pans.krosno.pl\/5glab\/2025\/04\/17\/wizyta-ministra-andrzeja-szeptyckiego-w-pans-w-krosnie\/"]}]},{"@type":"ImageObject","inLanguage":"pl-PL","@id":"https:\/\/pans.krosno.pl\/5glab\/2025\/04\/17\/wizyta-ministra-andrzeja-szeptyckiego-w-pans-w-krosnie\/#primaryimage","url":"https:\/\/pans.krosno.pl\/5glab\/wp-content\/uploads\/sites\/66\/2025\/08\/DSCF3469-scaled-1.jpg","contentUrl":"https:\/\/pans.krosno.pl\/5glab\/wp-content\/uploads\/sites\/66\/2025\/08\/DSCF3469-scaled-1.jpg","width":2560,"height":1707},{"@type":"BreadcrumbList","@id":"https:\/\/pans.krosno.pl\/5glab\/2025\/04\/17\/wizyta-ministra-andrzeja-szeptyckiego-w-pans-w-krosnie\/#breadcrumb","itemListElement":[{"@type":"ListItem","position":1,"name":"Strona g\u0142\u00f3wna","item":"https:\/\/pans.krosno.pl\/5glab\/"},{"@type":"ListItem","position":2,"name":"Wydarzenia 5G Lab","item":"https:\/\/pans.krosno.pl\/5glab\/category\/5g\/"},{"@type":"ListItem","position":3,"name":"Wizyta Ministra Andrzeja Szeptyckiego w PANS w Kro\u015bnie"}]},{"@type":"WebSite","@id":"https:\/\/pans.krosno.pl\/5glab\/#website","url":"https:\/\/pans.krosno.pl\/5glab\/","name":"PANS w Kro\u015bnie","description":"","publisher":{"@id":"https:\/\/pans.krosno.pl\/5glab\/#organization"},"alternateName":"PANS Krosno","potentialAction":[{"@type":"SearchAction","target":{"@type":"EntryPoint","urlTemplate":"https:\/\/pans.krosno.pl\/5glab\/?s={search_term_string}"},"query-input":{"@type":"PropertyValueSpecification","valueRequired":true,"valueName":"search_term_string"}}],"inLanguage":"pl-PL"},{"@type":"Organization","@id":"https:\/\/pans.krosno.pl\/5glab\/#organization","name":"Pa\u0144stwowa Akademia Nauk Stosowanych w Kro\u015bnie","alternateName":"PANS Krosno","url":"https:\/\/pans.krosno.pl\/5glab\/","logo":{"@type":"ImageObject","inLanguage":"pl-PL","@id":"https:\/\/pans.krosno.pl\/5glab\/#\/schema\/logo\/image\/","url":"https:\/\/pans.krosno.pl\/wp-content\/uploads\/2023\/01\/Logo-PANS-2022-pelne-2-scaled.jpg","contentUrl":"https:\/\/pans.krosno.pl\/wp-content\/uploads\/2023\/01\/Logo-PANS-2022-pelne-2-scaled.jpg","width":2560,"height":576,"caption":"Pa\u0144stwowa Akademia Nauk Stosowanych w Kro\u015bnie"},"image":{"@id":"https:\/\/pans.krosno.pl\/5glab\/#\/schema\/logo\/image\/"},"sameAs":["https:\/\/www.facebook.com\/StudiaKrosno\/","https:\/\/www.instagram.com\/pans.krosno\/","https:\/\/pl.linkedin.com\/company\/pwsz-krosno","https:\/\/www.youtube.com\/user\/pwszkrosno\/","https:\/\/pl.wikipedia.org\/wiki\/Pa\u0144stwowa_Wy\u017csza_Szko\u0142a_Zawodowa_im._Stanis\u0142awa_Pigonia_w_Kro\u015bnie"]},{"@type":"Person","@id":"https:\/\/pans.krosno.pl\/5glab\/#\/schema\/person\/6fdc2f086448977aedd1a17fb2d90220","name":"damianprzybyla","image":{"@type":"ImageObject","inLanguage":"pl-PL","@id":"https:\/\/secure.gravatar.com\/avatar\/5b15e3b0f679a391a5b1f218e1ddfd13e97c937a0425276e3ecb78554257f26e?s=96&d=mm&r=g","url":"https:\/\/secure.gravatar.com\/avatar\/5b15e3b0f679a391a5b1f218e1ddfd13e97c937a0425276e3ecb78554257f26e?s=96&d=mm&r=g","contentUrl":"https:\/\/secure.gravatar.com\/avatar\/5b15e3b0f679a391a5b1f218e1ddfd13e97c937a0425276e3ecb78554257f26e?s=96&d=mm&r=g","caption":"damianprzybyla"},"url":"https:\/\/pans.krosno.pl\/5glab\/author\/damianprzybyla\/"}]}},"_links":{"self":[{"href":"https:\/\/pans.krosno.pl\/5glab\/wp-json\/wp\/v2\/posts\/311","targetHints":{"allow":["GET"]}}],"collection":[{"href":"https:\/\/pans.krosno.pl\/5glab\/wp-json\/wp\/v2\/posts"}],"about":[{"href":"https:\/\/pans.krosno.pl\/5glab\/wp-json\/wp\/v2\/types\/post"}],"author":[{"embeddable":true,"href":"https:\/\/pans.krosno.pl\/5glab\/wp-json\/wp\/v2\/users\/100"}],"replies":[{"embeddable":true,"href":"https:\/\/pans.krosno.pl\/5glab\/wp-json\/wp\/v2\/comments?post=311"}],"version-history":[{"count":1,"href":"https:\/\/pans.krosno.pl\/5glab\/wp-json\/wp\/v2\/posts\/311\/revisions"}],"predecessor-version":[{"id":318,"href":"https:\/\/pans.krosno.pl\/5glab\/wp-json\/wp\/v2\/posts\/311\/revisions\/318"}],"wp:featuredmedia":[{"embeddable":true,"href":"https:\/\/pans.krosno.pl\/5glab\/wp-json\/wp\/v2\/media\/313"}],"wp:attachment":[{"href":"https:\/\/pans.krosno.pl\/5glab\/wp-json\/wp\/v2\/media?parent=311"}],"wp:term":[{"taxonomy":"category","embeddable":true,"href":"https:\/\/pans.krosno.pl\/5glab\/wp-json\/wp\/v2\/categories?post=311"},{"taxonomy":"post_tag","embeddable":true,"href":"https:\/\/pans.krosno.pl\/5glab\/wp-json\/wp\/v2\/tags?post=311"}],"curies":[{"name":"wp","href":"https:\/\/api.w.org\/{rel}","templated":true}]}}